{"id":725,"date":"2025-07-04T12:40:51","date_gmt":"2025-07-04T10:40:51","guid":{"rendered":"https:\/\/agrotecnio.org\/recerca-amb-drons-per-a-una-viticultura-mes-sostenible\/"},"modified":"2026-02-01T13:11:06","modified_gmt":"2026-02-01T12:11:06","slug":"investigacion-con-drones-para-una-viticultura-mas-sostenible","status":"publish","type":"post","link":"https:\/\/agrotecnio.org\/es\/investigacion-con-drones-para-una-viticultura-mas-sostenible\/","title":{"rendered":"Investigaci\u00f3n con drones para una viticultura m\u00e1s sostenible"},"content":{"rendered":"\n<div class=\"flex basis-auto flex-col -mb-(--composer-overlap-px) [--composer-overlap-px:55px] grow overflow-hidden\">\n<div class=\"relative h-full\">\n<div class=\"flex h-full flex-col overflow-y-auto [scrollbar-gutter:stable_both-edges] @[84rem]\/thread:pt-(--header-height)\">\n<div class=\"@thread-xl\/thread:pt-header-height flex flex-col text-sm pb-25\"><article class=\"text-token-text-primary w-full\" dir=\"auto\">\n<div class=\"text-base my-auto mx-auto py-5 [--thread-content-margin:--spacing(4)] @[37rem]:[--thread-content-margin:--spacing(6)] @[72rem]:[--thread-content-margin:--spacing(16)] px-(--thread-content-margin)\">\n<div class=\"[--thread-content-max-width:32rem] @[34rem]:[--thread-content-max-width:40rem] @[64rem]:[--thread-content-max-width:48rem] mx-auto flex max-w-(--thread-content-max-width) flex-1 text-base gap-4 md:gap-5 lg:gap-6 group\/turn-messages focus-visible:outline-hidden\" tabindex=\"-1\">\n<div class=\"group\/conversation-turn relative flex w-full min-w-0 flex-col agent-turn\">\n<div class=\"relative flex-col gap-1 md:gap-3\">\n<div class=\"flex max-w-full flex-col grow\">\n<div class=\"min-h-8 text-message relative flex w-full flex-col items-end gap-2 text-start break-words whitespace-normal [.text-message+&amp;]:mt-5\" dir=\"auto\">\n<div class=\"flex w-full flex-col gap-1 empty:hidden first:pt-[3px]\">\n<div class=\"markdown prose dark:prose-invert w-full break-words light\">\n\n<strong><span class=\"NormalTextRun SpellingErrorV2Themed SCXW222709374 BCX0\">Agrotecnio participa en un proyecto pionero para validar el uso de drones en la aplicaci\u00f3n de fitosanitarios en vi\u00f1edos<\/span>\u00a0<\/strong>\n<span><img loading=\"lazy\" decoding=\"async\" class=\"size-medium wp-image-19458 aligncenter\" src=\"https:\/\/agrotecnio.org\/wp-content\/uploads\/sites\/3\/2025\/11\/IMG_0835-600x379.jpg\" alt=\"\" width=\"300\" height=\"189\" \/><\/span>\n\nEl centro CERCA Agrotecnio participa en un proyecto pionero para probar el uso de drones en la aplicaci\u00f3n de productos fitosanitarios contra las enfermedades f\u00fangicas de la vid, como el o\u00eddio y el mildiu. El proyecto DRONVINYA, coordinado por el <a href=\"https:\/\/www.innovi.cat\/home\/\" target=\"_blank\" rel=\"noopener\">Cl\u00faster Vitivin\u00edcola catal\u00e1n (INNOVI)<\/a> y liderado por <a href=\"https:\/\/www.torres.es\/\" target=\"_blank\" rel=\"noopener\">Miguel Torres<\/a>, forma parte de la convocatoria de Grupos Operativos de 2023. Tambi\u00e9n participan otras bodegas catalanas de referencia: la Cooperativa de Vila-rodona y Rend\u00e9-Masdeu.\u00a0\n\nDRONVINYA busca situar a Catalu\u00f1a a la vanguardia del sector vitivin\u00edcola global, garantizando una pr\u00e1ctica sostenible y segura, y posicionando los drones como una herramienta clave para la agricultura de precisi\u00f3n. Las pruebas se desarrollan en cinco fincas experimentales situadas en las comarcas de Anoia, Priorat, Alt Camp y Conca de Barber\u00e0. El objetivo principal es generar conocimiento t\u00e9cnico contrastado que avale la eficacia y viabilidad de esta tecnolog\u00eda emergente, en un contexto de transici\u00f3n hacia una viticultura m\u00e1s eficiente, sostenible y respetuosa con el medio ambiente.\u00a0\n\nComo explica el investigador del grupo de Protecci\u00f3n de Cultivos de Agrotecnio, Santiago Planas, \u201clos resultados tendr\u00e1n una incidencia directa en la regulaci\u00f3n del uso de drones en aplicaciones fitosanitarias en Espa\u00f1a, donde todav\u00eda existen importantes limitaciones normativas\u201d. Cabe destacar que en pa\u00edses con normativa fitosanitaria muy estricta, como Alemania, Francia y Suiza, el uso del dron est\u00e1 autorizado, y por tanto nuestros viticultores se encuentran en una posici\u00f3n de desventaja. \u201cEsta l\u00ednea de investigaci\u00f3n representa un paso adelante para el sector vitivin\u00edcola, que busca soluciones innovadoras para afrontar los retos del cambio clim\u00e1tico y la reducci\u00f3n del uso de productos qu\u00edmicos\u201d, a\u00f1ade Planas.\u00a0\n\nLas experiencias piloto eval\u00faan los requerimientos de eficacia, precisi\u00f3n, seguridad y sostenibilidad ambiental, e incluyen un an\u00e1lisis comparativo entre la aplicaci\u00f3n convencional y la realizada mediante drones.\u00a0\n\nA largo plazo, se prev\u00e9 que esta tecnolog\u00eda pueda mejorar la competitividad del sector vitivin\u00edcola y favorecer la digitalizaci\u00f3n de las pr\u00e1cticas agr\u00edcolas, especialmente en zonas de dif\u00edcil acceso donde los tratamientos convencionales por v\u00eda terrestre son de dif\u00edcil ejecuci\u00f3n.\u00a0\n\nDRONVINYA es un proyecto cofinanciado por la Uni\u00f3n Europea a trav\u00e9s del Plan Estrat\u00e9gico de la PAC (PEPAC) 2023\u20132027.\u00a0\n\n<\/div>\n<\/div>\n<\/div>\n<\/div>\n<\/div>\n<\/div>\n<\/div>\n<\/div>\n<\/article><\/div>\n<\/div>\n<\/div>\n<\/div>\n<div id=\"thread-bottom-container\" class=\"content-fade relative isolate z-10 w-full basis-auto has-data-has-thread-error:pt-2 has-data-has-thread-error:[box-shadow:var(--sharp-edge-bottom-shadow)] md:border-transparent md:pt-0 dark:border-white\/20 md:dark:border-transparent flex flex-col\">\n<div id=\"thread-bottom\">\n<div class=\"text-base mx-auto [--thread-content-margin:--spacing(4)] @[37rem]:[--thread-content-margin:--spacing(6)] @[72rem]:[--thread-content-margin:--spacing(16)] px-(--thread-content-margin)\">\n<div class=\"[--thread-content-max-width:32rem] @[34rem]:[--thread-content-max-width:40rem] @[64rem]:[--thread-content-max-width:48rem] mx-auto flex max-w-(--thread-content-max-width) flex-1 text-base gap-4 md:gap-5 lg:gap-6\">\n<div class=\"max-xs:[--force-hide-label:none] relative z-1 flex h-full max-w-full flex-1 flex-col\" role=\"button\" aria-haspopup=\"dialog\" aria-expanded=\"false\" aria-controls=\"radix-\u00abRp4lij59jm595j5\u00bb\"><form class=\"w-full [view-transition-name:var(--vt-composer)]\" role=\"region\" aria-label=\"Compositor de mensajes\">\n<div class=\"bg-token-bg-primary flex w-full cursor-text flex-col items-center justify-center overflow-clip bg-clip-padding contain-inline-size dark:bg-[#303030] shadow-short rounded-[28px]\">\n<div class=\"relative flex w-full items-end px-2.5 py-2.5\">\n<div class=\"relative flex w-full flex-auto flex-col\">\n<div class=\"relative mx-2.5 grid grid-cols-[auto_minmax(0,1fr)]\">\n<div class=\"relative flex-auto bg-transparent pt-1.5\">\n<div class=\"flex flex-col justify-start\">\n<div class=\"flex min-h-12 items-start\">\n<div class=\"max-w-full min-w-0 flex-1\">\n<div class=\"_prosemirror-parent_kfgfu_2 text-token-text-primary max-h-[25dvh] max-h-52 -mx-3 px-3 overflow-auto [scrollbar-width:thin] default-browser vertical-scroll-fade-mask min-h-12 pe-3\"><\/div>\n<\/div>\n<\/div>\n<\/div>\n<\/div>\n<\/div>\n<\/div>\n<\/div>\n<\/div>\n<\/form><\/div>\n<\/div>\n<\/div>\n<\/div>\n<\/div>\n","protected":false},"excerpt":{"rendered":"<p>Agrotecnio participa en un proyecto pionero para validar el uso de drones en la aplicaci\u00f3n de fitosanitarios en vi\u00f1edos\u00a0 El centro CERCA Agrotecnio participa en un proyecto pionero para probar el uso de drones en la aplicaci\u00f3n de productos fitosanitarios contra las enfermedades f\u00fangicas de la vid, como el o\u00eddio y el mildiu. El proyecto [&hellip;]<\/p>\n","protected":false},"author":1,"featured_media":728,"comment_status":"closed","ping_status":"closed","sticky":false,"template":"","format":"standard","meta":{"_acf_changed":false,"editor_notices":[],"footnotes":""},"categories":[8],"tags":[],"class_list":["post-725","post","type-post","status-publish","format-standard","has-post-thumbnail","hentry","category-noticies"],"acf":[],"_links":{"self":[{"href":"https:\/\/agrotecnio.org\/es\/wp-json\/wp\/v2\/posts\/725","targetHints":{"allow":["GET"]}}],"collection":[{"href":"https:\/\/agrotecnio.org\/es\/wp-json\/wp\/v2\/posts"}],"about":[{"href":"https:\/\/agrotecnio.org\/es\/wp-json\/wp\/v2\/types\/post"}],"author":[{"embeddable":true,"href":"https:\/\/agrotecnio.org\/es\/wp-json\/wp\/v2\/users\/1"}],"replies":[{"embeddable":true,"href":"https:\/\/agrotecnio.org\/es\/wp-json\/wp\/v2\/comments?post=725"}],"version-history":[{"count":8,"href":"https:\/\/agrotecnio.org\/es\/wp-json\/wp\/v2\/posts\/725\/revisions"}],"predecessor-version":[{"id":5168,"href":"https:\/\/agrotecnio.org\/es\/wp-json\/wp\/v2\/posts\/725\/revisions\/5168"}],"wp:featuredmedia":[{"embeddable":true,"href":"https:\/\/agrotecnio.org\/es\/wp-json\/wp\/v2\/media\/728"}],"wp:attachment":[{"href":"https:\/\/agrotecnio.org\/es\/wp-json\/wp\/v2\/media?parent=725"}],"wp:term":[{"taxonomy":"category","embeddable":true,"href":"https:\/\/agrotecnio.org\/es\/wp-json\/wp\/v2\/categories?post=725"},{"taxonomy":"post_tag","embeddable":true,"href":"https:\/\/agrotecnio.org\/es\/wp-json\/wp\/v2\/tags?post=725"}],"curies":[{"name":"wp","href":"https:\/\/api.w.org\/{rel}","templated":true}]}}