{"id":723,"date":"2025-07-03T07:43:24","date_gmt":"2025-07-03T05:43:24","guid":{"rendered":"https:\/\/agrotecnio.org\/lleida-esdeve-lepicentre-del-control-sostenible-de-les-males-herbes-que-amenacen-els-cultius\/"},"modified":"2026-02-01T12:41:34","modified_gmt":"2026-02-01T11:41:34","slug":"lleida-se-convierte-en-el-epicentro-del-control-sostenible-de-las-malas-hierbas-que-amenazan-los-cultivos","status":"publish","type":"post","link":"https:\/\/agrotecnio.org\/es\/lleida-se-convierte-en-el-epicentro-del-control-sostenible-de-las-malas-hierbas-que-amenazan-los-cultivos\/","title":{"rendered":"Lleida se convierte en el epicentro del control sostenible de las malas hierbas que amenazan los cultivos"},"content":{"rendered":"\n<ul>\n <li>\n<div class=\"flex basis-auto flex-col -mb-(--composer-overlap-px) [--composer-overlap-px:55px] grow overflow-hidden\">\n<div class=\"relative h-full\">\n<div class=\"flex h-full flex-col overflow-y-auto [scrollbar-gutter:stable_both-edges] @[84rem]\/thread:pt-(--header-height)\">\n<div class=\"@thread-xl\/thread:pt-header-height flex flex-col text-sm pb-25\"><article class=\"text-token-text-primary w-full\" dir=\"auto\">\n<div class=\"text-base my-auto mx-auto py-5 [--thread-content-margin:--spacing(4)] @[37rem]:[--thread-content-margin:--spacing(6)] @[72rem]:[--thread-content-margin:--spacing(16)] px-(--thread-content-margin)\">\n<div class=\"[--thread-content-max-width:32rem] @[34rem]:[--thread-content-max-width:40rem] @[64rem]:[--thread-content-max-width:48rem] mx-auto flex max-w-(--thread-content-max-width) flex-1 text-base gap-4 md:gap-5 lg:gap-6 group\/turn-messages focus-visible:outline-hidden\" tabindex=\"-1\">\n<div class=\"group\/conversation-turn relative flex w-full min-w-0 flex-col agent-turn\">\n<div class=\"relative flex-col gap-1 md:gap-3\">\n<div class=\"flex max-w-full flex-col grow\">\n<div class=\"min-h-8 text-message relative flex w-full flex-col items-end gap-2 text-start break-words whitespace-normal [.text-message+&amp;]:mt-5\" dir=\"auto\">\n<div class=\"flex w-full flex-col gap-1 empty:hidden first:pt-[3px]\">\n<div class=\"markdown prose dark:prose-invert w-full break-words light\">\n<ul>\n <li>\n<p>El Simposio Europeo de Investigaci\u00f3n en Malas Hierbas (EWRS), celebrado esta semana en Lleida, re\u00fane a m\u00e1s de 350 cient\u00edficos internacionales para debatir el futuro del control sostenible de las malas hierbas<\/p>\n<\/li>\n<\/ul>\n<\/div>\n<\/div>\n<\/div>\n<\/div>\n<\/div>\n<\/div>\n<\/div>\n<\/div>\n<\/article><\/div>\n<\/div>\n<\/div>\n<\/div>\n<div id=\"thread-bottom-container\" class=\"content-fade relative isolate z-10 w-full basis-auto has-data-has-thread-error:pt-2 has-data-has-thread-error:[box-shadow:var(--sharp-edge-bottom-shadow)] md:border-transparent md:pt-0 dark:border-white\/20 md:dark:border-transparent flex flex-col\">\n<div id=\"thread-bottom\">\n<div class=\"text-base mx-auto [--thread-content-margin:--spacing(4)] @[37rem]:[--thread-content-margin:--spacing(6)] @[72rem]:[--thread-content-margin:--spacing(16)] px-(--thread-content-margin)\">\n<div class=\"[--thread-content-max-width:32rem] @[34rem]:[--thread-content-max-width:40rem] @[64rem]:[--thread-content-max-width:48rem] mx-auto flex max-w-(--thread-content-max-width) flex-1 text-base gap-4 md:gap-5 lg:gap-6\">\n<div class=\"max-xs:[--force-hide-label:none] relative z-1 flex h-full max-w-full flex-1 flex-col\" role=\"button\" aria-haspopup=\"dialog\" aria-expanded=\"false\" aria-controls=\"radix-\u00abRp4lij59jm595j5\u00bb\"><form class=\"w-full [view-transition-name:var(--vt-composer)]\" role=\"region\" aria-label=\"Compositor de mensajes\">\n<div class=\"bg-token-bg-primary flex w-full cursor-text flex-col items-center justify-center overflow-clip bg-clip-padding contain-inline-size dark:bg-[#303030] shadow-short rounded-[28px]\">\n<div class=\"relative flex w-full items-end px-2.5 py-2.5\">\n<div class=\"relative flex w-full flex-auto flex-col\">\n<div class=\"relative mx-2.5 grid grid-cols-[auto_minmax(0,1fr)]\">\n<div class=\"relative flex-auto bg-transparent pt-1.5\">\n<div class=\"flex flex-col justify-start\">\n<div class=\"flex min-h-12 items-start\">\n<div class=\"max-w-full min-w-0 flex-1\">\n<div class=\"_prosemirror-parent_kfgfu_2 text-token-text-primary max-h-[25dvh] max-h-52 -mx-3 px-3 overflow-auto [scrollbar-width:thin] default-browser vertical-scroll-fade-mask min-h-12 pe-3\">\n<p>El 20\u00ba Simposio de la Sociedad Europea de Investigaci\u00f3n en Malas Hierbas (EWRS), que finaliza ma\u00f1ana en La Llotja de Lleida, ha convertido la ciudad en el epicentro internacional del debate cient\u00edfico sobre el control sostenible de las malas hierbas, una de las amenazas silenciosas pero crecientes para la viabilidad de muchos cultivos.<br \/>Durante cuatro d\u00edas, m\u00e1s de 350 cient\u00edficos de 40 pa\u00edses han compartido m\u00e1s de 300 comunicaciones cient\u00edficas con un objetivo com\u00fan: mejorar la gesti\u00f3n de las malas hierbas para garantizar la rentabilidad y sostenibilidad de los sistemas agr\u00edcolas. Y lo han hecho con una premisa importante: la necesidad de integrar conocimientos agron\u00f3micos, ecol\u00f3gicos y sociales.<br \/>Como explica Jordi Recasens, catedr\u00e1tico de la Universidad de Lleida, investigador de Agrotecnio y presidente del comit\u00e9 organizador, \u201cel estudio de la gesti\u00f3n de las malas hierbas est\u00e1 adoptando nuevos enfoques. El control tradicional de las malas hierbas no deseadas debe combinarse, seg\u00fan el cultivo, con la gesti\u00f3n de especies que pueden aportar beneficios al sistema, como evitar la erosi\u00f3n del suelo o favorecer la presencia de polinizadores. Para afrontar este reto, solo la investigaci\u00f3n puede aportar las respuestas adecuadas.\u201d<\/p>\n<p><strong>El caso de <em>Amaranthus palmeri<\/em>: una amenaza silenciosa<\/strong><br \/>Uno de los casos analizados durante el congreso es el de <em>Amaranthus palmeri<\/em>, una especie invasora de origen americano que ya infesta cientos de hect\u00e1reas de ma\u00edz en Lleida, Huesca y Extremadura. Esta planta puede crecer m\u00e1s de dos metros de altura y producir hasta 600.000 semillas por ejemplar, una capacidad reproductiva excepcional que se agrava por su alta resistencia a los herbicidas.<br \/>En Espa\u00f1a, se cree que ha llegado a trav\u00e9s de las importaciones de grano y harinas para piensos, y ha encontrado en los campos de ma\u00edz un ambiente id\u00f3neo para su expansi\u00f3n. Seg\u00fan datos del Servicio de Sanidad Vegetal de la Generalitat de Catalu\u00f1a, en 2024 ya hab\u00eda m\u00e1s de 2.500 hect\u00e1reas afectadas en Catalu\u00f1a.<br \/>Para hacer frente a este reto, el grupo de investigaci\u00f3n en protecci\u00f3n de cultivos de Agrotecnio y de la Universidad de Lleida lidera la red tem\u00e1tica PalmerNET, formada por cuatro centros de investigaci\u00f3n y cuatro universidades que trabajan conjuntamente para frenar la expansi\u00f3n de esta especie.<br \/>Como apunta Joel Torra, investigador de Agrotecnio y de la UdL, \u201cabordar esta cuesti\u00f3n es una necesidad urgente del sector agr\u00edcola que hasta ahora no se hab\u00eda tratado de forma sistem\u00e1tica. Los primeros estudios en Europa que permiten esclarecer c\u00f3mo entra esta especie y por qu\u00e9 v\u00edas se dispersa se presentan en este simposio.\u201d<\/p>\n<p><strong>Inteligencia artificial, agricultura regenerativa y nuevos enfoques<\/strong><br \/>El congreso de la EWRS tambi\u00e9n ha sido el escenario de presentaci\u00f3n de soluciones tecnol\u00f3gicas y agroecol\u00f3gicas para hacer frente a los nuevos retos. Entre las propuestas destacadas est\u00e1n la aplicaci\u00f3n de inteligencia artificial para detectar infestaciones y aplicar tratamientos localizados, las pr\u00e1cticas de agricultura regenerativa que integran las malas hierbas como parte del sistema, y la investigaci\u00f3n sobre resistencias a los herbicidas, cada vez m\u00e1s frecuentes y dif\u00edciles de gestionar.<br \/>Con este simposio, Lleida se consolida como referente cient\u00edfico en malherbolog\u00eda y ecolog\u00eda vegetal.<\/p>\n\n<\/div>\n<\/div>\n<\/div>\n<\/div>\n<\/div>\n<\/div>\n<\/div>\n<\/div>\n<\/div>\n<\/form><\/div>\n<\/div>\n<\/div>\n<\/div>\n<\/div><\/li>\n<\/ul>\n","protected":false},"excerpt":{"rendered":"<p>El Simposio Europeo de Investigaci\u00f3n en Malas Hierbas (EWRS), celebrado esta semana en Lleida, re\u00fane a m\u00e1s de 350 cient\u00edficos internacionales para debatir el futuro del control sostenible de las malas hierbas El 20\u00ba Simposio de la Sociedad Europea de Investigaci\u00f3n en Malas Hierbas (EWRS), que finaliza ma\u00f1ana en La Llotja de Lleida, ha convertido [&hellip;]<\/p>\n","protected":false},"author":1,"featured_media":724,"comment_status":"closed","ping_status":"closed","sticky":false,"template":"","format":"standard","meta":{"_acf_changed":false,"editor_notices":[],"footnotes":""},"categories":[8],"tags":[],"class_list":["post-723","post","type-post","status-publish","format-standard","has-post-thumbnail","hentry","category-noticies"],"acf":[],"_links":{"self":[{"href":"https:\/\/agrotecnio.org\/es\/wp-json\/wp\/v2\/posts\/723","targetHints":{"allow":["GET"]}}],"collection":[{"href":"https:\/\/agrotecnio.org\/es\/wp-json\/wp\/v2\/posts"}],"about":[{"href":"https:\/\/agrotecnio.org\/es\/wp-json\/wp\/v2\/types\/post"}],"author":[{"embeddable":true,"href":"https:\/\/agrotecnio.org\/es\/wp-json\/wp\/v2\/users\/1"}],"replies":[{"embeddable":true,"href":"https:\/\/agrotecnio.org\/es\/wp-json\/wp\/v2\/comments?post=723"}],"version-history":[{"count":7,"href":"https:\/\/agrotecnio.org\/es\/wp-json\/wp\/v2\/posts\/723\/revisions"}],"predecessor-version":[{"id":5064,"href":"https:\/\/agrotecnio.org\/es\/wp-json\/wp\/v2\/posts\/723\/revisions\/5064"}],"wp:featuredmedia":[{"embeddable":true,"href":"https:\/\/agrotecnio.org\/es\/wp-json\/wp\/v2\/media\/724"}],"wp:attachment":[{"href":"https:\/\/agrotecnio.org\/es\/wp-json\/wp\/v2\/media?parent=723"}],"wp:term":[{"taxonomy":"category","embeddable":true,"href":"https:\/\/agrotecnio.org\/es\/wp-json\/wp\/v2\/categories?post=723"},{"taxonomy":"post_tag","embeddable":true,"href":"https:\/\/agrotecnio.org\/es\/wp-json\/wp\/v2\/tags?post=723"}],"curies":[{"name":"wp","href":"https:\/\/api.w.org\/{rel}","templated":true}]}}