{"id":721,"date":"2025-07-02T07:49:59","date_gmt":"2025-07-02T05:49:59","guid":{"rendered":"https:\/\/agrotecnio.org\/agrotecnio-organitza-una-jornada-de-camp-sobre-rovell-negre-en-cereals-a-terol\/"},"modified":"2026-02-01T12:41:34","modified_gmt":"2026-02-01T11:41:34","slug":"agrotecnio-organiza-una-jornada-de-campo-sobre-roya-negra-en-cereales-en-teruel","status":"publish","type":"post","link":"https:\/\/agrotecnio.org\/es\/agrotecnio-organiza-una-jornada-de-campo-sobre-roya-negra-en-cereales-en-teruel\/","title":{"rendered":"Agrotecnio organiza una jornada de campo sobre roya negra en cereales en Teruel"},"content":{"rendered":"\nLa localidad de El Pobo (Teruel) ha acogido la primera jornada de campo dedicada al estudio de la roya negra (<i>Puccinia graminis<\/i>), una enfermedad f\u00fangica de gran relevancia para los cultivos cerealistas, en el marco del proyecto Wheat-4D-Future, impulsado y liderado por el centro de investigaci\u00f3n Agrotecnio.\u00a0\n\nLa jornada ha sido conducida por el profesor Carlos Cantero Mart\u00ednez, investigador de Agrotecnio \u2013 Universitat de Lleida, junto con la doctora Dolors Villegas, investigadora de la Estaci\u00f3n Experimental de Aula Dei \u2013 CSIC.\u00a0\n\nDurante la actividad, los participantes pudieron observar directamente hojas de agrillo (<i>Berberis vulgaris<\/i> subsp. <i>seroi<\/i>) infectadas, lo que permiti\u00f3 explicar sobre el terreno el ciclo biol\u00f3gico completo de la roya negra, destacando el papel del agrillo como hospedador alternante y vector clave en la propagaci\u00f3n de la enfermedad.\u00a0\n\nEl n\u00facleo de la jornada fue la visita a un ensayo de campo experimental dise\u00f1ado en el marco del proyecto Wheat-4D-Future, financiado por Agrotecnio, y del proyecto Mercedes, cofinanciado por el MICIU\/AEI y la Uni\u00f3n Europea. En este ensayo, t\u00e9cnicos y agricultores de la zona pudieron observar infecciones reales tanto de roya negra como de roya amarilla (<i>P. striiformis<\/i>) en diferentes variedades de trigo.\u00a0\n\nEl ensayo inclu\u00eda:\u00a0\n<ul>\n <li aria-setsize=\"-1\">Una colecci\u00f3n de l\u00edneas diferenciales con genes de resistencia a distintas royas.\u00a0<\/li>\n<\/ul>\n<ul>\n <li aria-setsize=\"-1\">Las 100 variedades de trigo harinero m\u00e1s cultivadas en Espa\u00f1a.\u00a0<\/li>\n<\/ul>\nAdem\u00e1s, se realizaron visitas a campos colindantes para evaluar la incidencia de enfermedades y malas hierbas, promoviendo un intercambio t\u00e9cnico y de experiencias sobre los retos que afronta actualmente la agricultura cerealista en la regi\u00f3n.\u00a0\n\nLa jornada se realiz\u00f3 en el local multiservicios de El Pobo, que acogi\u00f3 la presentaci\u00f3n introductoria y un refrigerio final para los participantes.\u00a0\n<p aria-level=\"3\">Sobre los proyectos:\u00a0<\/p>\n\n<ul>\n <li aria-setsize=\"-1\">Wheat-4D-Future est\u00e1 \u00edntegramente financiado por Agrotecnio y liderado por el profesor Carlos Cantero Mart\u00ednez.\u00a0<\/li>\n<\/ul>\n<ul>\n <li aria-setsize=\"-1\">El proyecto Mercedes (PID2023-149687OR-C32) cuenta con financiaci\u00f3n del Ministerio de Ciencia, Innovaci\u00f3n y Universidades (MICIU), la Agencia Estatal de Investigaci\u00f3n (AEI) [10.13039\/501100011033] y la Uni\u00f3n Europea \u2013 Next Generation\u00a0<\/li>\n<\/ul>\n","protected":false},"excerpt":{"rendered":"<p>La localidad de El Pobo (Teruel) ha acogido la primera jornada de campo dedicada al estudio de la roya negra (Puccinia graminis), una enfermedad f\u00fangica de gran relevancia para los cultivos cerealistas, en el marco del proyecto Wheat-4D-Future, impulsado y liderado por el centro de investigaci\u00f3n Agrotecnio.\u00a0 La jornada ha sido conducida por el profesor [&hellip;]<\/p>\n","protected":false},"author":1,"featured_media":722,"comment_status":"closed","ping_status":"closed","sticky":false,"template":"","format":"standard","meta":{"_acf_changed":false,"editor_notices":[],"footnotes":""},"categories":[8],"tags":[],"class_list":["post-721","post","type-post","status-publish","format-standard","has-post-thumbnail","hentry","category-noticies"],"acf":[],"_links":{"self":[{"href":"https:\/\/agrotecnio.org\/es\/wp-json\/wp\/v2\/posts\/721","targetHints":{"allow":["GET"]}}],"collection":[{"href":"https:\/\/agrotecnio.org\/es\/wp-json\/wp\/v2\/posts"}],"about":[{"href":"https:\/\/agrotecnio.org\/es\/wp-json\/wp\/v2\/types\/post"}],"author":[{"embeddable":true,"href":"https:\/\/agrotecnio.org\/es\/wp-json\/wp\/v2\/users\/1"}],"replies":[{"embeddable":true,"href":"https:\/\/agrotecnio.org\/es\/wp-json\/wp\/v2\/comments?post=721"}],"version-history":[{"count":5,"href":"https:\/\/agrotecnio.org\/es\/wp-json\/wp\/v2\/posts\/721\/revisions"}],"predecessor-version":[{"id":5063,"href":"https:\/\/agrotecnio.org\/es\/wp-json\/wp\/v2\/posts\/721\/revisions\/5063"}],"wp:featuredmedia":[{"embeddable":true,"href":"https:\/\/agrotecnio.org\/es\/wp-json\/wp\/v2\/media\/722"}],"wp:attachment":[{"href":"https:\/\/agrotecnio.org\/es\/wp-json\/wp\/v2\/media?parent=721"}],"wp:term":[{"taxonomy":"category","embeddable":true,"href":"https:\/\/agrotecnio.org\/es\/wp-json\/wp\/v2\/categories?post=721"},{"taxonomy":"post_tag","embeddable":true,"href":"https:\/\/agrotecnio.org\/es\/wp-json\/wp\/v2\/tags?post=721"}],"curies":[{"name":"wp","href":"https:\/\/api.w.org\/{rel}","templated":true}]}}