{"id":719,"date":"2025-07-01T07:00:22","date_gmt":"2025-07-01T05:00:22","guid":{"rendered":"https:\/\/agrotecnio.org\/finalitza-el-cicle-anual-de-early-career-forums-amb-una-jornada-sobre-redaccio-de-projectes\/"},"modified":"2026-02-01T12:41:34","modified_gmt":"2026-02-01T11:41:34","slug":"finaliza-el-ciclo-anual-de-early-career-forums-con-una-jornada-sobre-redaccion-de-proyectos","status":"publish","type":"post","link":"https:\/\/agrotecnio.org\/es\/finaliza-el-ciclo-anual-de-early-career-forums-con-una-jornada-sobre-redaccion-de-proyectos\/","title":{"rendered":"Finaliza el ciclo anual de Early Career Forums con una jornada sobre redacci\u00f3n de proyectos"},"content":{"rendered":"\n<p>El 26 de junio se cerr\u00f3 el ciclo anual de foros \u201cEarly Career\u201d que Agrotecnio organiza desde 2021 para abordar temas transversales relacionados con la actividad investigadora. Este curso, los foros han tratado cuestiones como el rechazo a las publicaciones cient\u00edficas o las oportunidades de financiaci\u00f3n en el post doctorado. Laura Sarri, investigadora postdoctoral del grupo de Nutrici\u00f3n Animal y medio ambiente, dio la bienvenida a la \u00faltima sesi\u00f3n del ciclo de forums \u201cEarly Career Forum\u201d del curso 2024-2025, focalizada en consejos para la redacci\u00f3n de proyectos competitivos como pueden ser los proyectos <a href=\"https:\/\/research-and-innovation.ec.europa.eu\/funding\/funding-opportunities\/funding-programmes-and-open-calls\/horizon-europe_en\" target=\"_blank\" rel=\"noopener\">Horizon Europe<\/a> de la Comisi\u00f3n Europea o los proyectos del Plan Estatal (<a href=\"https:\/\/www.ciencia.gob.es\/Estrategias-y-Planes\/Planes-y-programas\/PEICTI.html\" target=\"_blank\" rel=\"noopener\">PEICTI<\/a>) del Ministerio de Ciencia, Innovaci\u00f3n y Universidades. S\u00f2nia Marin Sillu\u00e9 (Agrotecnio-UdL), que lidera el grupo de investigaci\u00f3n de Micolog\u00eda Aplicada de Agrotecnio, abri\u00f3 la sesi\u00f3n repasando c\u00f3mo conviene estructurar un proyecto, la importancia de tener claros los objetivos y de redactar de manera concisa para aprovechar el m\u00e1ximo el espacio disponible y facilitar la tarea de quien eval\u00faa. En este sentido, Marin subray\u00f3 la importancia de utilizar gr\u00e1ficos para condensar informaci\u00f3n y facilitar la lectura. \u201cEs fundamental que cuando hag\u00e1is referencia a vuestro \u00e1mbito de estudio no comet\u00e1is errores sobre los \u00faltimos avances en investigaci\u00f3n, ya que os pod\u00e9is encontrar personal evaluador experto en la materia que, de encontrar datos err\u00f3neos o desactualizados, os descalificar\u00eda\u201d. Por su parte, Lluis Coll Mir (UdL-CTFC) centr\u00f3 su intervenci\u00f3n en el punto de vista de la evaluaci\u00f3n de los proyectos. \u201cQuienes eval\u00faan los proyectos son personas, no m\u00e1quinas, por lo que siempre hay cierta subjetividad\u201d, se\u00f1al\u00f3, \u201cpero que tu proyecto no reciba financiaci\u00f3n no significa que no sea bueno, sino que quiz\u00e1 no lo has explicado bien o alguien lo ha hecho mejor\u201d. Coll repas\u00f3 los criterios de evaluaci\u00f3n m\u00e1s habituales: la pertinencia, novedad, hip\u00f3tesis y objetivos, que deben responder a los de la convocatoria. El investigador tambi\u00e9n se refiri\u00f3 a elementos de las candidaturas que a menudo pasan desapercibidos, como los planes de contingencia o los planes de gesti\u00f3n de datos. Estos elementos deben cuidarse, ya que pueden marcar la diferencia en un contexto de gran competitividad. La sesi\u00f3n finaliz\u00f3 con un animado debate en el que la audiencia pregunt\u00f3 sobre la construcci\u00f3n de consorcios, el presupuesto o lograr dimensionar bien las diferentes tareas a lo largo de la vida de un proyecto.<\/p>\n\n\n<p>[button link=\u00bbhttps:\/\/agrotecnio.org\/wp-content\/uploads\/2025\/07\/writting-a-project-proposal_LC-002.pptx\u00bb color=\u00bbgreen\u00bb newwindow=\u00bbyes\u00bb] Descarga la presentaci\u00f3n[\/button]<\/p>\n","protected":false},"excerpt":{"rendered":"<p>El 26 de junio se cerr\u00f3 el ciclo anual de foros \u201cEarly Career\u201d que Agrotecnio organiza desde 2021 para abordar temas transversales relacionados con la actividad investigadora. Este curso, los foros han tratado cuestiones como el rechazo a las publicaciones cient\u00edficas o las oportunidades de financiaci\u00f3n en el post doctorado. Laura Sarri, investigadora postdoctoral del [&hellip;]<\/p>\n","protected":false},"author":1,"featured_media":720,"comment_status":"closed","ping_status":"closed","sticky":false,"template":"","format":"standard","meta":{"_acf_changed":false,"editor_notices":[],"footnotes":""},"categories":[8],"tags":[],"class_list":["post-719","post","type-post","status-publish","format-standard","has-post-thumbnail","hentry","category-noticies"],"acf":[],"_links":{"self":[{"href":"https:\/\/agrotecnio.org\/es\/wp-json\/wp\/v2\/posts\/719","targetHints":{"allow":["GET"]}}],"collection":[{"href":"https:\/\/agrotecnio.org\/es\/wp-json\/wp\/v2\/posts"}],"about":[{"href":"https:\/\/agrotecnio.org\/es\/wp-json\/wp\/v2\/types\/post"}],"author":[{"embeddable":true,"href":"https:\/\/agrotecnio.org\/es\/wp-json\/wp\/v2\/users\/1"}],"replies":[{"embeddable":true,"href":"https:\/\/agrotecnio.org\/es\/wp-json\/wp\/v2\/comments?post=719"}],"version-history":[{"count":5,"href":"https:\/\/agrotecnio.org\/es\/wp-json\/wp\/v2\/posts\/719\/revisions"}],"predecessor-version":[{"id":5062,"href":"https:\/\/agrotecnio.org\/es\/wp-json\/wp\/v2\/posts\/719\/revisions\/5062"}],"wp:featuredmedia":[{"embeddable":true,"href":"https:\/\/agrotecnio.org\/es\/wp-json\/wp\/v2\/media\/720"}],"wp:attachment":[{"href":"https:\/\/agrotecnio.org\/es\/wp-json\/wp\/v2\/media?parent=719"}],"wp:term":[{"taxonomy":"category","embeddable":true,"href":"https:\/\/agrotecnio.org\/es\/wp-json\/wp\/v2\/categories?post=719"},{"taxonomy":"post_tag","embeddable":true,"href":"https:\/\/agrotecnio.org\/es\/wp-json\/wp\/v2\/tags?post=719"}],"curies":[{"name":"wp","href":"https:\/\/api.w.org\/{rel}","templated":true}]}}