{"id":717,"date":"2025-06-30T08:21:53","date_gmt":"2025-06-30T06:21:53","guid":{"rendered":"https:\/\/agrotecnio.org\/mes-arees-protegides-major-risc-per-a-la-poblacio-davant-els-incendis\/"},"modified":"2026-04-15T14:03:44","modified_gmt":"2026-04-15T12:03:44","slug":"mas-areas-protegidas-mayor-riesgo-para-la-poblacion-ante-los-incendios","status":"publish","type":"post","link":"https:\/\/agrotecnio.org\/es\/mas-areas-protegidas-mayor-riesgo-para-la-poblacion-ante-los-incendios\/","title":{"rendered":"M\u00e1s \u00e1reas protegidas, mayor riesgo para la poblaci\u00f3n ante los incendios"},"content":{"rendered":"<ul>\n<li style=\"text-align: left\">Una investigaci\u00f3n liderada por la UdL &#8211; Agrotecnio afirma que el peligro se ha multiplicado por 6 en 20 a\u00f1os<\/li>\n<\/ul>\n<p>Aumentar las \u00e1reas protegidas, tal como establecen las \u00faltimas normativas internacionales, puede incrementar el riesgo de exposici\u00f3n de la poblaci\u00f3n a los incendios m\u00e1s virulentos. De hecho, este peligro se ha multiplicado por 6 en 20 a\u00f1os, tanto en el suroeste de Europa como en Australia. As\u00ed lo pone de manifiesto una investigaci\u00f3n liderada por la Universidad de Lleida (UdL) &#8211; Agrotecnio que acaba de publicar la revista <a href=\"https:\/\/www.sciencedirect.com\/journal\/journal-of-environmental-management\" target=\"_blank\" rel=\"noopener\"><i>Journal of Environmental Management<\/i><\/a>. En el estudio ha participado personal investigador de la UdL, la unidad conjunta CTFC-Agrotecnio, la Western Sydney University (Australia), la Universidade de Tr\u00e1s-os-Montes e Alto Douro (Portugal) y la UNED.<\/p>\n<p>La investigaci\u00f3n aborda c\u00f3mo est\u00e1n afectando los incendios a las \u00e1reas protegidas y los posibles impactos de la expansi\u00f3n de la superficie bajo protecci\u00f3n estricta que plantean la <a href=\"https:\/\/www.consilium.europa.eu\/en\/press\/press-releases\/2024\/06\/17\/nature-restoration-law-council-gives-final-green-light\/#:~:text=This%20law%20aims%20to%20put,need%20of%20restoration%20by%202050.\" target=\"_blank\" rel=\"noopener\">Ley de restauraci\u00f3n de la naturaleza<\/a> de la Uni\u00f3n Europea y el <a href=\"https:\/\/mediambient.gencat.cat\/ca\/05_ambits_dactuacio\/patrimoni_natural\/accio-exterior\/conveni-diversitat-biologica\/index.html\" target=\"_blank\" rel=\"noopener\">Convenio sobre la Diversidad Biol\u00f3gica<\/a>, aprobado en el <a href=\"https:\/\/www.miteco.gob.es\/es\/biodiversidad\/temas\/conservacion-de-la-biodiversidad\/conservacion-de-la-biodiversidad-en-el-mundo\/cb_mundo_kumming_montreal.html\" target=\"_blank\" rel=\"noopener\">Marco Kunming-Montreal<\/a>. \u00abLos planes actuales para ampliar las zonas boscosas estrictamente protegidas, donde no se permite la intervenci\u00f3n humana, pueden ser particularmente problem\u00e1ticos desde la perspectiva de los incendios\u00bb, se\u00f1ala el catedr\u00e1tico de Ingenier\u00eda Forestal y Cambio Global de la UdL e investigador de Agrotecnio y el CTFC, V\u00edctor Resco. \u00abConsideramos que para disminuir la gravedad de los fuegos y la exposici\u00f3n de la poblaci\u00f3n, los programas de conservaci\u00f3n deben tener en cuenta la prevenci\u00f3n y mitigaci\u00f3n de los incendios forestales\u00bb, a\u00f1ade.<\/p>\n<p>El equipo ha analizado 76.621 incendios, de los cuales un 16% afectaron a zonas protegidas, registrados a lo largo de 20 a\u00f1os (2001-2021) en el suroeste de Europa (Espa\u00f1a, Portugal y sur de Francia), California, Chile y el sudeste de Australia (Nueva Gales del Sur, Victoria y Tasmania). La superficie total quemada fue de 14.791.054 hect\u00e1reas (ha). Para comprobar si los fuegos dentro de zonas protegidas eran m\u00e1s graves, el estudio se ha centrado en los grandes incendios, es decir, aquellos que afectan a m\u00e1s de 500 ha.<\/p>\n<p>En las dos d\u00e9cadas analizadas, las zonas protegidas han aumentado un 17%, mientras que la superficie quemada dentro de estas ha crecido un 42% de media. Chile es la \u00fanica excepci\u00f3n a esta tendencia. En el \u00e1rea de clima mediterr\u00e1neo, el espacio protegido solo representa el 1,2% del terreno y en la de clima templado, las \u00e1reas protegidas se distribuyen hacia el extremo sur, que es m\u00e1s fresco y h\u00famedo.<\/p>\n<p>En la zona templada del suroeste de Europa, por ejemplo, las \u00e1reas protegidas han aumentado del 21 al 38% de la superficie forestal entre 2001-2021, pero los incendios en ellas han pasado del 13 al 55% del \u00e1rea quemada total. \u00abSi las \u00e1reas protegidas ocupan el 38% de la superficie forestal, deber\u00edan concentrar el 38% del \u00e1rea quemada total, pero acumulan el 55%, que son 17 puntos m\u00e1s\u00bb, destaca Resco.<\/p>\n<p>Las conclusiones se\u00f1alan que la gravedad de los fuegos es aproximadamente un 20% m\u00e1s alta en las zonas protegidas, tanto de los biomas mediterr\u00e1neos como de los templados, y que la exposici\u00f3n de la poblaci\u00f3n al fuego es hasta 16 veces m\u00e1s alta cuando vive en la periferia de los bosques protegidos. En el suroeste de Europa es 9 veces m\u00e1s probable que las personas que viven en los alrededores de un bosque protegido se vean expuestas a los incendios. \u00abEl problema no es que deliberadamente se quemen las \u00e1reas protegidas, sino que cuando un incendio originado en una zona no protegida llega a una protegida, es m\u00e1s probable que se vuelva incontrolable\u00bb, explica el profesor de la UdL.<\/p>\n<p>Entre las causas de esta virulencia de los incendios en los espacios protegidos, los expertos se\u00f1alan la acumulaci\u00f3n de m\u00e1s biomasa (carga de combustible), la falta de carreteras que disminuye la accesibilidad y complica la extinci\u00f3n del fuego; los problemas de orograf\u00eda, como las zonas de mayor altitud o los terrenos m\u00e1s escarpados; o condiciones meteorol\u00f3gicas como la sequ\u00eda. \u00abEstos resultados indican que la expansi\u00f3n de las \u00e1reas protegidas, tal como se est\u00e1 desarrollando actualmente, puede aumentar el riesgo para la poblaci\u00f3n. El aumento previsto en \u00e1reas bajo protecci\u00f3n estricta es particularmente peligroso, dado que aqu\u00ed es donde se pueden alcanzar mayores cargas de combustible y peores accesos\u00bb, subraya el investigador.<\/p>\n<p><b>M\u00c1S INFORMACI\u00d3N:<\/b><\/p>\n<p><a href=\"https:\/\/www.sciencedirect.com\/science\/article\/pii\/S0301479725016457\" target=\"_blank\" rel=\"noopener\">Art\u00edculo: <i>Protected areas as hotspots of wildfire activity in fire-prone Temperate and Mediterranean biomes<\/i><\/a><\/p>\n<p>Texto: Premsa UdL \/ Agrotecnio<\/p>\n","protected":false},"excerpt":{"rendered":"<p>Una investigaci\u00f3n liderada por la UdL &#8211; Agrotecnio afirma que el peligro se ha multiplicado por 6 en 20 a\u00f1os Aumentar las \u00e1reas protegidas, tal como establecen las \u00faltimas normativas internacionales, puede incrementar el riesgo de exposici\u00f3n de la poblaci\u00f3n a los incendios m\u00e1s virulentos. De hecho, este peligro se ha multiplicado por 6 en [&hellip;]<\/p>\n","protected":false},"author":1,"featured_media":718,"comment_status":"closed","ping_status":"closed","sticky":false,"template":"","format":"standard","meta":{"_acf_changed":false,"editor_notices":[],"footnotes":""},"categories":[8],"tags":[],"class_list":["post-717","post","type-post","status-publish","format-standard","has-post-thumbnail","hentry","category-noticies"],"acf":[],"_links":{"self":[{"href":"https:\/\/agrotecnio.org\/es\/wp-json\/wp\/v2\/posts\/717","targetHints":{"allow":["GET"]}}],"collection":[{"href":"https:\/\/agrotecnio.org\/es\/wp-json\/wp\/v2\/posts"}],"about":[{"href":"https:\/\/agrotecnio.org\/es\/wp-json\/wp\/v2\/types\/post"}],"author":[{"embeddable":true,"href":"https:\/\/agrotecnio.org\/es\/wp-json\/wp\/v2\/users\/1"}],"replies":[{"embeddable":true,"href":"https:\/\/agrotecnio.org\/es\/wp-json\/wp\/v2\/comments?post=717"}],"version-history":[{"count":7,"href":"https:\/\/agrotecnio.org\/es\/wp-json\/wp\/v2\/posts\/717\/revisions"}],"predecessor-version":[{"id":5469,"href":"https:\/\/agrotecnio.org\/es\/wp-json\/wp\/v2\/posts\/717\/revisions\/5469"}],"wp:featuredmedia":[{"embeddable":true,"href":"https:\/\/agrotecnio.org\/es\/wp-json\/wp\/v2\/media\/718"}],"wp:attachment":[{"href":"https:\/\/agrotecnio.org\/es\/wp-json\/wp\/v2\/media?parent=717"}],"wp:term":[{"taxonomy":"category","embeddable":true,"href":"https:\/\/agrotecnio.org\/es\/wp-json\/wp\/v2\/categories?post=717"},{"taxonomy":"post_tag","embeddable":true,"href":"https:\/\/agrotecnio.org\/es\/wp-json\/wp\/v2\/tags?post=717"}],"curies":[{"name":"wp","href":"https:\/\/api.w.org\/{rel}","templated":true}]}}