{"id":419,"date":"2024-09-20T08:39:09","date_gmt":"2024-09-20T06:39:09","guid":{"rendered":"https:\/\/agrotecnio.org\/el-personal-dagrotecnio-estreny-llacos-en-la-segona-edicio-del-teambuilding\/"},"modified":"2026-02-01T13:10:40","modified_gmt":"2026-02-01T12:10:40","slug":"el-personal-de-agrotecnio-estrecha-lazos-en-la-segunda-edicion-del-teambuilding","status":"publish","type":"post","link":"https:\/\/agrotecnio.org\/es\/el-personal-de-agrotecnio-estrecha-lazos-en-la-segunda-edicion-del-teambuilding\/","title":{"rendered":"El personal de Agrotecnio estrecha lazos en la segunda edici\u00f3n del \u2018Teambuilding\u2019"},"content":{"rendered":"\n<p><img loading=\"lazy\" decoding=\"async\" class=\"alignnone size-full wp-image-17786\" src=\"https:\/\/agrotecnio.org\/wp-content\/uploads\/sites\/3\/2025\/11\/DFS_2890-1.jpg\" alt=\"\" width=\"2048\" height=\"1366\" \/><\/p>\n\n\n\n<p>M\u00e1s de 100 investigadores y miembros del centro CERCA Agrotecnio han participado en la segunda edici\u00f3n del \u2018Teambuilding\u2019, una actividad de comunicaci\u00f3n interna que fomenta el esp\u00edritu de grupo y fomenta el conocimiento entre los miembros de la comunidad, y que quiere convertirse en una cita anual para todo el personal del centro.<\/p>\n\n\n\n<p>La jornada ha empezado con un encuentro del \u2019Early\u00a0Career\u00a0Forum\u2019, una cita dirigida al personal investigador m\u00e1s joven, que cursa actualmente sus estudios de doctorado o que lo ha acabado recientemente. Estas reuniones abordan temas transversales para ayudar los j\u00f3venes investigadores a desarrollar su carrera profesional. En esta edici\u00f3n, el objetivo del foro ha estado recoger ideas para organizar m\u00e1s encuentros durante el curso acad\u00e9mico 2024-2025 que respondan a las necesidades y deseos de los j\u00f3venes investigadores.<\/p>\n\n\n\n<p>Durante la ma\u00f1ana, se han programado varios actos participativos para reforzar la cohesi\u00f3n interna. Tal y como ha explicado en su discurso de bienvenida el director de Agrotecnio, Jos\u00e9 Antonio Bonet, \u201cel Teambuiling quiere ser una herramienta para mejorar las relaciones entre el personal y crear afinidades, mejorar la comunicaci\u00f3n y el ambiente laboral\u201d.<\/p>\n\n\n\n<p>El personal ha podido participar en una \u2018Agrogimcana\u2019, una actividad pensada para divertir y profundizar en algunos temas relacionados con la investigaci\u00f3n que se lleva a cabo desde el centro. Los participantes han tenido que superar un total de 8 pruebas tan diversas como hacer catas a ciegas de varios productos (vino, jam\u00f3n, cerveza o\u00a0kombutcha), hacer figuras humanas, correr una carrera de sacos, u ordenar por equipos varios objetos sin verlos.<\/p>\n\n\n\n<p>El equipo ganador ha recibido un diploma y una cesta de productos de una cooperativa local. Las catas a ciegas han sido lideradas por M\u00aa Paz Romero, investigadora principal del grupo Componentes\u00a0Bioactivos\u00a0de los Alimentos y Francisco Molino, investigador del grupo de\u00a0Micologia\u00a0Aplicada.<\/p>\n\n\n\n<p>La jornada ha acabado con una comida servida al exterior del centro.<\/p>\n\n\n\n<p>El Centro CERCA de Investigaci\u00f3n en Agrotecnologia, Agrotecnio, se cre\u00f3 en 2012 y desde entonces ha mantenido una trayectoria de crecimiento estable. Con m\u00e1s de 150 cient\u00edficas y cient\u00edficos organizados en quince grupos de investigaci\u00f3n y ligados a dos universidades catalanas, Agrotecnio es hoy uno de los centros de investigaci\u00f3n en agrotecnolog\u00eda m\u00e1s relevantes en el estado espa\u00f1ol.<\/p>\n\n\n\n<p>Fotos del evento: https:\/\/www.flickr.com\/photos\/agrotecnio\/albums\/72177720320543804\/<\/p>\n","protected":false},"excerpt":{"rendered":"<p>M\u00e1s de 100 investigadores y miembros del centro CERCA Agrotecnio han participado en la segunda edici\u00f3n del \u2018Teambuilding\u2019, una actividad de comunicaci\u00f3n interna que fomenta el esp\u00edritu de grupo y fomenta el conocimiento entre los miembros de la comunidad, y que quiere convertirse en una cita anual para todo el personal del centro. La jornada [&hellip;]<\/p>\n","protected":false},"author":1,"featured_media":420,"comment_status":"closed","ping_status":"closed","sticky":false,"template":"","format":"standard","meta":{"_acf_changed":false,"editor_notices":[],"footnotes":""},"categories":[8],"tags":[],"class_list":["post-419","post","type-post","status-publish","format-standard","has-post-thumbnail","hentry","category-noticies"],"acf":[],"_links":{"self":[{"href":"https:\/\/agrotecnio.org\/es\/wp-json\/wp\/v2\/posts\/419","targetHints":{"allow":["GET"]}}],"collection":[{"href":"https:\/\/agrotecnio.org\/es\/wp-json\/wp\/v2\/posts"}],"about":[{"href":"https:\/\/agrotecnio.org\/es\/wp-json\/wp\/v2\/types\/post"}],"author":[{"embeddable":true,"href":"https:\/\/agrotecnio.org\/es\/wp-json\/wp\/v2\/users\/1"}],"replies":[{"embeddable":true,"href":"https:\/\/agrotecnio.org\/es\/wp-json\/wp\/v2\/comments?post=419"}],"version-history":[{"count":4,"href":"https:\/\/agrotecnio.org\/es\/wp-json\/wp\/v2\/posts\/419\/revisions"}],"predecessor-version":[{"id":5131,"href":"https:\/\/agrotecnio.org\/es\/wp-json\/wp\/v2\/posts\/419\/revisions\/5131"}],"wp:featuredmedia":[{"embeddable":true,"href":"https:\/\/agrotecnio.org\/es\/wp-json\/wp\/v2\/media\/420"}],"wp:attachment":[{"href":"https:\/\/agrotecnio.org\/es\/wp-json\/wp\/v2\/media?parent=419"}],"wp:term":[{"taxonomy":"category","embeddable":true,"href":"https:\/\/agrotecnio.org\/es\/wp-json\/wp\/v2\/categories?post=419"},{"taxonomy":"post_tag","embeddable":true,"href":"https:\/\/agrotecnio.org\/es\/wp-json\/wp\/v2\/tags?post=419"}],"curies":[{"name":"wp","href":"https:\/\/api.w.org\/{rel}","templated":true}]}}