{"id":413,"date":"2024-08-01T09:06:11","date_gmt":"2024-08-01T07:06:11","guid":{"rendered":"https:\/\/agrotecnio.org\/segona-jornada-de-formacio-sobre-control-de-plagues-en-ecosistemes-urbans-amb-enemics-naturals\/"},"modified":"2026-02-01T12:41:30","modified_gmt":"2026-02-01T11:41:30","slug":"segunda-jornada-de-formacion-sobre-control-de-plagas-en-ecosistemas-urbanos-con-enemigos-naturales","status":"publish","type":"post","link":"https:\/\/agrotecnio.org\/es\/segunda-jornada-de-formacion-sobre-control-de-plagas-en-ecosistemas-urbanos-con-enemigos-naturales\/","title":{"rendered":"Segunda jornada de formaci\u00f3n sobre control de plagas en ecosistemas urbanos con \u00abenemigos naturales\u00bb"},"content":{"rendered":"\n<p>El 27 de septiembre se celebrar\u00e1 en Madrid una jornada formativa sobre control de plagas en ecosistemas urbanos. Ese mismo d\u00eda tambi\u00e9n se presentar\u00e1 la <em>Guia de enemigos naturales de plagas en espacios verdes urbanos<\/em>, elaborada por Xavier Pons, Roberto Meseguer y Bel\u00e9n Lumbierres, del grupo de protecci\u00f3n de cultivos de Agrotecnio y del grupo de entomolog\u00eda del Departamento de Producci\u00f3n Vegetal y Ciencias Forestales de la Universidad de Lleida.<\/p>\n\n\n\n<p>Esta gu\u00eda es el resultado de m\u00e1s de veinte a\u00f1os de trabajo del grupo y presenta los principales grupos de enemigos naturales de las plagas que se pueden encontrar en los espacios verdes urbanos. Se ha creado como herramienta de apoyo para el personal de gesti\u00f3n y control de plagas en ecosistemas urbanos, pero tambi\u00e9n para el p\u00fablico interesado en la biodiversidad de la fauna de parques y jardines de ciudades y pueblos.<\/p>\n\n\n\n<p>La conferencia del 27 de septiembre tendr\u00e1 lugar en la Escuela T\u00e9cnica Superior de Ingenier\u00eda de Montes, Forestal y del Medio Natural &#8211; Universidad Polit\u00e9cnica de Madrid. La agenda del evento est\u00e1 disponible <a href=\"https:\/\/agrotecnio.org\/wp-content\/uploads\/2024\/08\/240527_AGENDA-PresentacionMadrid.pdf\" target=\"_blank\" rel=\"noopener\">aqu\u00ed<\/a>.<\/p>\n\n\n\n<p>Para participar, se requiere inscripci\u00f3n previa rellenando este formulario:<\/p>\n\n\n\n<p>[button link=\u00bbhttps:\/\/forms.gle\/n67pSCxp7WgGnuDd6&#8243; color=\u00bborange\u00bb newwindow=\u00bbyes\u00bb] Formulario de inscripci\u00f3n [\/button]<\/p>\n","protected":false},"excerpt":{"rendered":"<p>El 27 de septiembre se celebrar\u00e1 en Madrid una jornada formativa sobre control de plagas en ecosistemas urbanos. Ese mismo d\u00eda tambi\u00e9n se presentar\u00e1 la Guia de enemigos naturales de plagas en espacios verdes urbanos, elaborada por Xavier Pons, Roberto Meseguer y Bel\u00e9n Lumbierres, del grupo de protecci\u00f3n de cultivos de Agrotecnio y del grupo [&hellip;]<\/p>\n","protected":false},"author":1,"featured_media":414,"comment_status":"closed","ping_status":"closed","sticky":false,"template":"","format":"standard","meta":{"_acf_changed":false,"editor_notices":[],"footnotes":""},"categories":[8],"tags":[],"class_list":["post-413","post","type-post","status-publish","format-standard","has-post-thumbnail","hentry","category-noticies"],"acf":[],"_links":{"self":[{"href":"https:\/\/agrotecnio.org\/es\/wp-json\/wp\/v2\/posts\/413","targetHints":{"allow":["GET"]}}],"collection":[{"href":"https:\/\/agrotecnio.org\/es\/wp-json\/wp\/v2\/posts"}],"about":[{"href":"https:\/\/agrotecnio.org\/es\/wp-json\/wp\/v2\/types\/post"}],"author":[{"embeddable":true,"href":"https:\/\/agrotecnio.org\/es\/wp-json\/wp\/v2\/users\/1"}],"replies":[{"embeddable":true,"href":"https:\/\/agrotecnio.org\/es\/wp-json\/wp\/v2\/comments?post=413"}],"version-history":[{"count":3,"href":"https:\/\/agrotecnio.org\/es\/wp-json\/wp\/v2\/posts\/413\/revisions"}],"predecessor-version":[{"id":4951,"href":"https:\/\/agrotecnio.org\/es\/wp-json\/wp\/v2\/posts\/413\/revisions\/4951"}],"wp:featuredmedia":[{"embeddable":true,"href":"https:\/\/agrotecnio.org\/es\/wp-json\/wp\/v2\/media\/414"}],"wp:attachment":[{"href":"https:\/\/agrotecnio.org\/es\/wp-json\/wp\/v2\/media?parent=413"}],"wp:term":[{"taxonomy":"category","embeddable":true,"href":"https:\/\/agrotecnio.org\/es\/wp-json\/wp\/v2\/categories?post=413"},{"taxonomy":"post_tag","embeddable":true,"href":"https:\/\/agrotecnio.org\/es\/wp-json\/wp\/v2\/tags?post=413"}],"curies":[{"name":"wp","href":"https:\/\/api.w.org\/{rel}","templated":true}]}}