{"id":330,"date":"2024-01-16T14:46:09","date_gmt":"2024-01-16T13:46:09","guid":{"rendered":"https:\/\/agrotecnio.org\/nova-edicio-dels-early-career-forum-centrada-en-afrontar-els-rebutjos-de-publicacions-cientifiques\/"},"modified":"2026-02-01T13:10:37","modified_gmt":"2026-02-01T12:10:37","slug":"nueva-edicion-del-early-career-forum-centrada-en-afrontar-los-rechazos-de-publicaciones-cientificas","status":"publish","type":"post","link":"https:\/\/agrotecnio.org\/es\/nueva-edicion-del-early-career-forum-centrada-en-afrontar-los-rechazos-de-publicaciones-cientificas\/","title":{"rendered":"Nueva edici\u00f3n del Early Career Forum centrada en afrontar los rechazos de publicaciones cient\u00edficas"},"content":{"rendered":"\n<p>Agrotecnio recupera la organizaci\u00f3n de los foros enfocados al personal cient\u00edfico m\u00e1s joven con una nueva edici\u00f3n de sus Early Career Forums centrada en lidiar con el rechazo a las publicaciones cient\u00edficas o papers, una situaci\u00f3n conocida para cualquier persona que se dedique a la investigaci\u00f3n.<\/p>\n\n\n\n<p>El pr\u00f3ximo foro de Agrotecnio se celebrar\u00e1 el 30 de enero, de 10:30 a 12:00, y seguir\u00e1 un formato diferente al habitual. En esta ocasi\u00f3n, se invitar\u00e1 a quienes asistan a organizarse por grupos y participar activamente, compartiendo su experiencia, los motivos de rechazo de <em>papers<\/em> que consideran m\u00e1s habituales y en estrategias para afrontar esa situaci\u00f3n. Para concluir, se realizar\u00e1 un resumen y discusi\u00f3n abierta.<\/p>\n\n\n\n<p>Como en cada Early Career Forum, la sesi\u00f3n se cerrar\u00e1 una cata, de caf\u00e9 en este caso, organizada en colaboraci\u00f3n con <a href=\"https:\/\/cafesbatalla.com\/\" target=\"_blank\" rel=\"noopener\">Caf\u00e9s Batalla<\/a>.<\/p>\n\n\n\n<p><img loading=\"lazy\" decoding=\"async\" class=\"size-full wp-image-16979 aligncenter\" src=\"https:\/\/agrotecnio.org\/wp-content\/uploads\/sites\/3\/2025\/11\/How-to-deal-with-paper-rejections-1.png\" alt=\"\" width=\"800\" height=\"600\" \/><\/p>\n\n\n\n<p>Cualquier persona perteneciente a Agrotecnio puede participar inscribi\u00e9ndose en <a href=\"https:\/\/forms.gle\/msVD8keBSrD42x9k7\" target=\"_blank\" rel=\"noopener\">este enlace<\/a> hasta el 23 de febrero. En caso de querer participar y no pertenecer a Agrotecnio, por favor escriba a <a href=\"mailto:communication@agrotecnio.udl.cat\">communication@agrotecnio.udl.cat.<\/a><\/p>\n","protected":false},"excerpt":{"rendered":"<p>Agrotecnio recupera la organizaci\u00f3n de los foros enfocados al personal cient\u00edfico m\u00e1s joven con una nueva edici\u00f3n de sus Early Career Forums centrada en lidiar con el rechazo a las publicaciones cient\u00edficas o papers, una situaci\u00f3n conocida para cualquier persona que se dedique a la investigaci\u00f3n. El pr\u00f3ximo foro de Agrotecnio se celebrar\u00e1 el 30 [&hellip;]<\/p>\n","protected":false},"author":1,"featured_media":333,"comment_status":"closed","ping_status":"closed","sticky":false,"template":"","format":"standard","meta":{"_acf_changed":false,"editor_notices":[],"footnotes":""},"categories":[8],"tags":[],"class_list":["post-330","post","type-post","status-publish","format-standard","has-post-thumbnail","hentry","category-noticies"],"acf":[],"_links":{"self":[{"href":"https:\/\/agrotecnio.org\/es\/wp-json\/wp\/v2\/posts\/330","targetHints":{"allow":["GET"]}}],"collection":[{"href":"https:\/\/agrotecnio.org\/es\/wp-json\/wp\/v2\/posts"}],"about":[{"href":"https:\/\/agrotecnio.org\/es\/wp-json\/wp\/v2\/types\/post"}],"author":[{"embeddable":true,"href":"https:\/\/agrotecnio.org\/es\/wp-json\/wp\/v2\/users\/1"}],"replies":[{"embeddable":true,"href":"https:\/\/agrotecnio.org\/es\/wp-json\/wp\/v2\/comments?post=330"}],"version-history":[{"count":5,"href":"https:\/\/agrotecnio.org\/es\/wp-json\/wp\/v2\/posts\/330\/revisions"}],"predecessor-version":[{"id":5125,"href":"https:\/\/agrotecnio.org\/es\/wp-json\/wp\/v2\/posts\/330\/revisions\/5125"}],"wp:featuredmedia":[{"embeddable":true,"href":"https:\/\/agrotecnio.org\/es\/wp-json\/wp\/v2\/media\/333"}],"wp:attachment":[{"href":"https:\/\/agrotecnio.org\/es\/wp-json\/wp\/v2\/media?parent=330"}],"wp:term":[{"taxonomy":"category","embeddable":true,"href":"https:\/\/agrotecnio.org\/es\/wp-json\/wp\/v2\/categories?post=330"},{"taxonomy":"post_tag","embeddable":true,"href":"https:\/\/agrotecnio.org\/es\/wp-json\/wp\/v2\/tags?post=330"}],"curies":[{"name":"wp","href":"https:\/\/api.w.org\/{rel}","templated":true}]}}