{"id":328,"date":"2024-01-15T14:17:38","date_gmt":"2024-01-15T13:17:38","guid":{"rendered":"https:\/\/agrotecnio.org\/ecomitos-un-llibre-sobre-com-la-falta-de-rigor-cientific-agreuja-la-crisi-ambiental\/"},"modified":"2026-02-01T12:41:20","modified_gmt":"2026-02-01T11:41:20","slug":"ecomitos-un-libro-sobre-como-la-falta-de-rigor-cientifico-agrava-la-crisis-ambiental","status":"publish","type":"post","link":"https:\/\/agrotecnio.org\/es\/ecomitos-un-libro-sobre-como-la-falta-de-rigor-cientifico-agrava-la-crisis-ambiental\/","title":{"rendered":"ECOMITOS: un libro sobre c\u00f3mo la falta de rigor cient\u00edfico agrava la crisis ambiental"},"content":{"rendered":"\n<p>De todo lo que hacemos en nombre del medio ambiente, \u00bfqu\u00e9 es lo que realmente sirve? Este es el punto de partida del libro que acaba de publicar V\u00edctor Resco, profesor de la Universitat de Lleida (UdL) y coordinador de la unidad mixta de investigaci\u00f3n de Agrotecnio y el Centro de Ciencia y Tecnolog\u00eda Forestal de Catalunya (CTFC).<\/p>\n\n\n\n<p>La alteraci\u00f3n ambiental del planeta es tal que comienza hablarse del Antropoceno, una nueva era caracterizada por la huella humana. <em>ECOMITOS. Los bulos ecol\u00f3gicos que agravan la crisis ambiental<\/em> (Plataforma Editorial, 2024) es un ensayo en el que V\u00edctor Resco pone en entredicho medidas como las cuotas de emisiones de CO<sub>2<\/sub> o los programas de reforestaci\u00f3n para compensarlas. En un contexto en el que Naciones Unidades y la Uni\u00f3n Europea preparan regulaciones para limitar el peligro de los vertidos de los llamados \u201cpellets\u201d de pl\u00e1stico, Ecomitos tambi\u00e9n aborda los efectos de los micropl\u00e1sticos en la salud humana.<\/p>\n\n\n\n<p>\u201cLa mayor\u00eda de las medidas que se est\u00e1n tomando dentro del llamado Pacto Verde caen dentro de la categor\u00eda de <em>ecomito<\/em>. Son medidas que cuentan con la aceptaci\u00f3n popular, ya que la ciudadan\u00eda considera que van en la direcci\u00f3n correcta. Pero la realidad es que enfrentarse a la crisis global con <em>ecomitos<\/em> es como enfrentarse a molinos creyendo que son gigantes: una aventura que no terminar\u00e1 muy bien\u201d, asegura Resco. \u201cLa Tierra no se curar\u00e1 con ideas, sino con propuestas solventes. Intento promover que no se legisle a golpe de titular o de tuit, para satisfacer intereses electorales, sino teniendo en cuenta las evidencias cient\u00edficas y t\u00e9cnicas y considerando tambi\u00e9n las implicaciones sociales\u201d, a\u00f1ade.<\/p>\n\n\n\n<p>Su ensayo repasa temas como la crisis energ\u00e9tica; el uso de los pl\u00e1sticos y su reciclaje; la gesti\u00f3n de los bosques; la biodiversidad y los espacios protegidos; la superpoblaci\u00f3n; o el llamado <em>greenwashing<\/em> o m\u00e1rqueting enga\u00f1osamente verde.<\/p>\n\n\n\n<p>Para el autor, \u201cnecesitamos l\u00edderes con la preparaci\u00f3n suficiente para revertir la degradaci\u00f3n ambiental, considerando tambi\u00e9n la disminuci\u00f3n de la pobreza y la desigualdad, pero sin incurrir en el problema de los <em>ecomitos<\/em> o las falsas creencias. Necesitamos l\u00edderes de conocimiento y no de opini\u00f3n, aparcar la ideolog\u00eda y empu\u00f1ar la ciencia y la cultura como tim\u00f3n\u201d, sentencia. En el libro, V\u00edctor Resco anima a quienes toman las decisiones a no caer en el alarmismo y a centrarse en promover la investigaci\u00f3n cient\u00edfica.<\/p>\n\n\n\n<p><em><strong>Texto:<\/strong> Premsa UdL \/ Plataforma Editorial \/ Comunicaci\u00f3n Agrotecnio<\/em><\/p>\n","protected":false},"excerpt":{"rendered":"<p>De todo lo que hacemos en nombre del medio ambiente, \u00bfqu\u00e9 es lo que realmente sirve? Este es el punto de partida del libro que acaba de publicar V\u00edctor Resco, profesor de la Universitat de Lleida (UdL) y coordinador de la unidad mixta de investigaci\u00f3n de Agrotecnio y el Centro de Ciencia y Tecnolog\u00eda Forestal [&hellip;]<\/p>\n","protected":false},"author":1,"featured_media":329,"comment_status":"closed","ping_status":"closed","sticky":false,"template":"","format":"standard","meta":{"_acf_changed":false,"editor_notices":[],"footnotes":""},"categories":[8],"tags":[],"class_list":["post-328","post","type-post","status-publish","format-standard","has-post-thumbnail","hentry","category-noticies"],"acf":[],"_links":{"self":[{"href":"https:\/\/agrotecnio.org\/es\/wp-json\/wp\/v2\/posts\/328","targetHints":{"allow":["GET"]}}],"collection":[{"href":"https:\/\/agrotecnio.org\/es\/wp-json\/wp\/v2\/posts"}],"about":[{"href":"https:\/\/agrotecnio.org\/es\/wp-json\/wp\/v2\/types\/post"}],"author":[{"embeddable":true,"href":"https:\/\/agrotecnio.org\/es\/wp-json\/wp\/v2\/users\/1"}],"replies":[{"embeddable":true,"href":"https:\/\/agrotecnio.org\/es\/wp-json\/wp\/v2\/comments?post=328"}],"version-history":[{"count":4,"href":"https:\/\/agrotecnio.org\/es\/wp-json\/wp\/v2\/posts\/328\/revisions"}],"predecessor-version":[{"id":4917,"href":"https:\/\/agrotecnio.org\/es\/wp-json\/wp\/v2\/posts\/328\/revisions\/4917"}],"wp:featuredmedia":[{"embeddable":true,"href":"https:\/\/agrotecnio.org\/es\/wp-json\/wp\/v2\/media\/329"}],"wp:attachment":[{"href":"https:\/\/agrotecnio.org\/es\/wp-json\/wp\/v2\/media?parent=328"}],"wp:term":[{"taxonomy":"category","embeddable":true,"href":"https:\/\/agrotecnio.org\/es\/wp-json\/wp\/v2\/categories?post=328"},{"taxonomy":"post_tag","embeddable":true,"href":"https:\/\/agrotecnio.org\/es\/wp-json\/wp\/v2\/tags?post=328"}],"curies":[{"name":"wp","href":"https:\/\/api.w.org\/{rel}","templated":true}]}}