{"id":315,"date":"2023-11-10T13:46:43","date_gmt":"2023-11-10T12:46:43","guid":{"rendered":"https:\/\/agrotecnio.org\/reserva-la-data-una-jornada-per-a-debatre-sobre-la-sanitat-vegetal-i-la-salut-unica-se-celebrara-a-lleida-el-28-de-novembre\/"},"modified":"2026-02-01T12:41:18","modified_gmt":"2026-02-01T11:41:18","slug":"reserva-de-fecha-una-jornada-para-debatir-sobre-la-sanidad-vegetal-y-la-salud-unica-se-celebrara-en-lleida-el-28-de-noviembre","status":"publish","type":"post","link":"https:\/\/agrotecnio.org\/es\/reserva-de-fecha-una-jornada-para-debatir-sobre-la-sanidad-vegetal-y-la-salud-unica-se-celebrara-en-lleida-el-28-de-noviembre\/","title":{"rendered":"Reserva de fecha: Una jornada para debatir sobre la sanidad vegetal y la salud \u00fanica se celebrar\u00e1 en Lleida el 28 de noviembre"},"content":{"rendered":"\n<p>El pr\u00f3ximo 28 de noviembre de 11:00 a 14:00 se celebrar\u00e1 en el Campus Agroalimentari, Forestal i Veterinari de Lleida la jornada \u201cSanidad Vegetal y Salud \u00danica (One Health)\u201d con motivo de la presentaci\u00f3n del libro <em>La Sanidad Vegetal en la Agricultura y la Silvicultura: Retos y Perspectivas para la Pr\u00f3xima D\u00e9cada<\/em>, una obra editada por la Real Academia de Ingenier\u00eda y auspiciada por el Centro CERCA Agrotecnio, accesible en <a href=\"https:\/\/www.raing.es\/libro\/la-sanidad-vegetal-en-la-agricultura-y-la-silvicultura-retos-y-perspectivas-para-la-proxima-decada\/\" target=\"_blank\" rel=\"noopener\">este enlace<\/a>.<\/p>\n\n\n\n<p>Se trata de una obra firmada por Rafael M. Jim\u00e9nez-D\u00edaz (UCO-IAS-CSIC), Mar\u00eda Milagros L\u00f3pez (IVIA) y Ramon Albajes (UdL-Agrotecnio), tres ingenieros agr\u00f3nomos expertos en distintos \u00e1mbitos de la sanidad vegetal. Albajes, investigador, asesor y exdirector de Agrotecnio, est\u00e1 especializado en la ecolog\u00eda y el control de plagas agr\u00edcolas.<\/p>\n\n\n\n<p>La sanidad vegetal juega un papel clave en la mejora de la seguridad alimentaria, la protecci\u00f3n del medio ambiente y de la biodiversidad y, tambi\u00e9n, en el impulso del desarrollo econ\u00f3mico. Contribuye al aumento de la productividad agr\u00edcola y forestal al reducir las p\u00e9rdidas de cosecha que ocasionan las plagas, enfermedades y malas hierbas, con tecnolog\u00eda crecientemente sostenible.<\/p>\n\n\n\n<p>Esta jornada forma parte de un ciclo de sesiones de presentaci\u00f3n del libro que se inici\u00f3 en Madrid el pasado junio en la Real Academia de Ingenier\u00eda y sigui\u00f3 <a href=\"https:\/\/www.europapress.es\/andalucia\/noticia-cuatro-especialistas-nacionales-reflexionan-universidad-cordoba-futuro-sanidad-vegetal-20231031190448.html\" target=\"_blank\" rel=\"noopener\">el pasado mes de octubre en la Universidad de C\u00f3rdoba<\/a>. Cada sesi\u00f3n pone el foco en un tema diferente y la de Lleida se centrar\u00e1 en el concepto de la salud \u00fanica, que ha cobrado protagonismo en las \u00faltimas d\u00e9cadas debido al aumento de la poblaci\u00f3n humana, al cambio clim\u00e1tico y al incremento del movimiento de personas, animales y alimentos, como resalt\u00f3 el propio Ramon Albajes en el evento en C\u00f3rdoba al se\u00f1alar que \u201c<em>el 60% de los agentes pat\u00f3genos que causan enfermedades humanas tienen su origen en los animales dom\u00e9sticos y silvestres, y el 75% de las enfermedades humanas infecciosas emergentes tienen un origen animal<\/em>\u201d. Este es caso, por ejemplo, de la pandemia causada por el coronavirus SARS-CoV-2.<\/p>\n\n\n\n<p>En el encuentro que se celebrar\u00e1 en Lleida, nueve ponentes de diversas universidades y centros de investigaci\u00f3n, entre los que se cuentan tres centros CERCA adem\u00e1s de Agrotecnio, presentar\u00e1n diferentes aspectos que afectan a la llamada salud \u00fanica o <em>One Health<\/em> desde el punto de vista de la sanidad vegetal, la salud animal, humana y ambiental.<\/p>\n\n\n\n<p>El programa completo puede consultarse <a href=\"https:\/\/agrotecnio.org\/wp-content\/uploads\/2023\/11\/231128_PresentacionSanidadVegetal_ES.pdf\" target=\"_blank\" rel=\"noopener\"><strong><u>aqu\u00ed<\/u><\/strong><\/a>. Para participar, es necesario inscribirse en <a href=\"https:\/\/docs.google.com\/forms\/d\/17ZRvpzu_3mhv_DSVJ6OQzL8hSaLLhY8KC5-FFTuiFgw\/edit\" target=\"_blank\" rel=\"noopener\"><strong><u>este formulario<\/u><\/strong><\/a>. Adem\u00e1s, la jornada se retransmitir\u00e1 en directo por <em>streaming<\/em> a trav\u00e9s del <a href=\"https:\/\/www.youtube.com\/channel\/UCFk1hJfb98jfO_f_drymp0g\" target=\"_blank\" rel=\"noopener\"><strong><u>canal de YouTube de Agrotecnio<\/u><\/strong><\/a>. En caso de seguir el evento en l\u00ednea, la inscripci\u00f3n no es necesaria.<\/p>\n\n\n\n<p><strong>M\u00e1s informaci\u00f3n:<\/strong><\/p>\n\n\n\n<p><a href=\"https:\/\/doi.org\/10.1186\/s43170-022-00118-2\" target=\"_blank\" rel=\"noopener\">Hoffmann V., Paul B., Falade T., Moodley A., Ramankutty N., Olawoye J., Djouaka R., Lekei E., de Haan N., Ballantyne P., Waage J. (2022). A one health approach to plant health. CABI Agriculture and Bioscience, 19, 3:62<\/a><\/p>\n","protected":false},"excerpt":{"rendered":"<p>El pr\u00f3ximo 28 de noviembre de 11:00 a 14:00 se celebrar\u00e1 en el Campus Agroalimentari, Forestal i Veterinari de Lleida la jornada \u201cSanidad Vegetal y Salud \u00danica (One Health)\u201d con motivo de la presentaci\u00f3n del libro La Sanidad Vegetal en la Agricultura y la Silvicultura: Retos y Perspectivas para la Pr\u00f3xima D\u00e9cada, una obra editada [&hellip;]<\/p>\n","protected":false},"author":1,"featured_media":259,"comment_status":"closed","ping_status":"closed","sticky":false,"template":"","format":"standard","meta":{"_acf_changed":false,"editor_notices":[],"footnotes":""},"categories":[13,8],"tags":[],"class_list":["post-315","post","type-post","status-publish","format-standard","has-post-thumbnail","hentry","category-13","category-noticies"],"acf":[],"_links":{"self":[{"href":"https:\/\/agrotecnio.org\/es\/wp-json\/wp\/v2\/posts\/315","targetHints":{"allow":["GET"]}}],"collection":[{"href":"https:\/\/agrotecnio.org\/es\/wp-json\/wp\/v2\/posts"}],"about":[{"href":"https:\/\/agrotecnio.org\/es\/wp-json\/wp\/v2\/types\/post"}],"author":[{"embeddable":true,"href":"https:\/\/agrotecnio.org\/es\/wp-json\/wp\/v2\/users\/1"}],"replies":[{"embeddable":true,"href":"https:\/\/agrotecnio.org\/es\/wp-json\/wp\/v2\/comments?post=315"}],"version-history":[{"count":3,"href":"https:\/\/agrotecnio.org\/es\/wp-json\/wp\/v2\/posts\/315\/revisions"}],"predecessor-version":[{"id":4912,"href":"https:\/\/agrotecnio.org\/es\/wp-json\/wp\/v2\/posts\/315\/revisions\/4912"}],"wp:featuredmedia":[{"embeddable":true,"href":"https:\/\/agrotecnio.org\/es\/wp-json\/wp\/v2\/media\/259"}],"wp:attachment":[{"href":"https:\/\/agrotecnio.org\/es\/wp-json\/wp\/v2\/media?parent=315"}],"wp:term":[{"taxonomy":"category","embeddable":true,"href":"https:\/\/agrotecnio.org\/es\/wp-json\/wp\/v2\/categories?post=315"},{"taxonomy":"post_tag","embeddable":true,"href":"https:\/\/agrotecnio.org\/es\/wp-json\/wp\/v2\/tags?post=315"}],"curies":[{"name":"wp","href":"https:\/\/api.w.org\/{rel}","templated":true}]}}