{"id":313,"date":"2023-11-09T15:19:01","date_gmt":"2023-11-09T14:19:01","guid":{"rendered":"https:\/\/agrotecnio.org\/la-sequera-limita-la-recuperacio-dels-boscos-mediterranis-afectats-per-incendis\/"},"modified":"2026-02-01T12:47:45","modified_gmt":"2026-02-01T11:47:45","slug":"la-sequia-limita-la-recuperacion-de-los-bosques-mediterraneos-afectados-por-los-incendios","status":"publish","type":"post","link":"https:\/\/agrotecnio.org\/es\/la-sequia-limita-la-recuperacion-de-los-bosques-mediterraneos-afectados-por-los-incendios\/","title":{"rendered":"La sequ\u00eda limita la recuperaci\u00f3n de los bosques mediterr\u00e1neos afectados por los incendios"},"content":{"rendered":"\n<p>Un estudio liderado por el CTFC, la UdL y la <a href=\"https:\/\/jru.agrotecnio.ctfc.cat\/\" target=\"_blank\" rel=\"noopener\">Unidad mixta CTFC-Agrotecnio-CERCA<\/a> analiza la regeneraci\u00f3n de 268 fuegos forestales a lo largo de casi tres d\u00e9cadas<\/p>\n<p>La duraci\u00f3n de una sequ\u00eda en los meses posteriores a un incendio es el principal factor que afecta al \u00e9xito de la regeneraci\u00f3n de los bosques mediterr\u00e1neos. As\u00ed lo muestra una investigaci\u00f3n de la Universitat de Lleida (UdL), la unidad de investigaci\u00f3n CTFC-Agrotecnio-CERCA y la Universidad de Zaragoza reci\u00e9n publicada en la revista Fire Ecology.<\/p>\n<p>El equipo ha estudiado la recuperaci\u00f3n de la vegetaci\u00f3n en 200.000 hect\u00e1reas de Catalunya, Arag\u00f3n y la Comunidad Valenciana quemadas por 268 incendios forestales durante un per\u00edodo de 27 a\u00f1os, entre 1988 y 2015. Los resultados alertan de que el escenario podr\u00eda empeorar con el cambio clim\u00e1tico, incluso en las zonas m\u00e1s h\u00famedas.<\/p>\n<p>Los investigadores, encabezados por Miguel \u00c1ngel Blanco-Rodr\u00edguez, doctorando del CTFC y profesor asociado de la UdL, han utilizado series temporales de im\u00e1genes por sat\u00e9lite multiespectro (Landsat) para calcular la tasa de recuperaci\u00f3n vegetal cinco a\u00f1os despu\u00e9s de cada fuego. El an\u00e1lisis se centra en aquellos incendios forestales que hab\u00edan afectado a m\u00e1s de 50 hect\u00e1reas, ya que representan la mayor parte de la superficie total quemada durante el per\u00edodo estudiado. El objetivo principal era evaluar la importancia sobre la regeneraci\u00f3n de los bosques de la severidad del fuego, el clima posterior y la topograf\u00eda, teniendo en cuenta tambi\u00e9n los diferentes gradientes de aridez del \u00e1rea de estudio.<\/p>\n<p>De los datos que ofrecen las im\u00e1genes del sat\u00e9lite, los expertos se han centrado esta vez en el an\u00e1lisis del brillo de los p\u00edxeles (Tasseled Cap Transformation Brightness-TCTB) incluidos dentro de los per\u00edmetros de los 268 incendios; antes, durante y despu\u00e9s de cada cat\u00e1strofe. Cada p\u00edxel representa un cuadrado de 30 por 30 metros. \u00abLos terrenos sin vegetaci\u00f3n tienen un brillo m\u00e1s alto y, a medida que se va recuperando la cubierta vegetal, los niveles bajan\u00bb, explica Blanco-Rodr\u00edguez, que ha realizado el trabajo con otros miembros del Grupo de Investigaci\u00f3n sobre Gesti\u00f3n Adaptativa y Din\u00e1mica Forestal (ADAPTAFOR) de la UdL.<\/p>\n<p>Los resultados del estudio revelan que en el 99,7% de los modelos la duraci\u00f3n de la sequ\u00eda ha sido el factor que m\u00e1s ha perjudicado a la restauraci\u00f3n de la cubierta vegetal tras un incendio, sobretodo en las \u00e1reas semi\u00e1ridas y en las h\u00famedas. Tambi\u00e9n demostraron que la segunda variable m\u00e1s relevante en la regeneraci\u00f3n tras un incendio forestal ser\u00eda la severidad. \u00abEn zonas semi\u00e1ridas, la recuperaci\u00f3n se ha visto afectada negativamente por el aumento de la severidad del incendio, mientras que en zonas subh\u00famedas y h\u00famedas el efecto fue lo contrario\u00bb, recogen en las conclusiones.<\/p>\n<p>El equipo considera necesario prestar especial atenci\u00f3n a la regeneraci\u00f3n en los bosques distribuidos en ambos extremos del gradiente clim\u00e1tico: las zonas semi\u00e1ridas y las h\u00famedas. \u00abNuestro estudio destaca el papel clave que juega la duraci\u00f3n de la sequ\u00eda en la recuperaci\u00f3n de la vegetaci\u00f3n durante los primeros a\u00f1os despu\u00e9s de un incendio forestal en la cuenca mediterr\u00e1nea occidental y, en particular, en los bosques situados en zonas clim\u00e1ticamente extremas\u00bb, subraya el investigador de la UdL y CTFC-Agrotecnio-CERCA.<\/p>\n<p>Adem\u00e1s, \u00ablos resultados sugieren que la creciente recurrencia de per\u00edodos de sequ\u00eda extrema asociados al calentamiento clim\u00e1tico, junto con una mayor frecuencia e intensidad de los grandes fuegos pueden modificar la estructura y la composici\u00f3n de los ecosistemas forestales mediterr\u00e1neos, limitando la capacidad de recuperaci\u00f3n de la vegetaci\u00f3n y comprometiendo la futura resiliencia de los bosques\u00bb, advierte Blanco.<\/p>\n<p><em><strong>Texto<\/strong>: Premsa UdL \/ CTFC \/ Agrotecnio \u00b7\u00a0<strong>Imagen<\/strong>: M.A. Blanco<\/em><\/p>\n<p><strong>M\u00e1s informaci\u00f3n:<\/strong><\/p>\n","protected":false},"excerpt":{"rendered":"<p>Un estudio liderado por el CTFC, la UdL y la Unidad mixta CTFC-Agrotecnio-CERCA analiza la regeneraci\u00f3n de 268 fuegos forestales a lo largo de casi tres d\u00e9cadas La duraci\u00f3n de una sequ\u00eda en los meses posteriores a un incendio es el principal factor que afecta al \u00e9xito de la regeneraci\u00f3n de los bosques mediterr\u00e1neos. As\u00ed [&hellip;]<\/p>\n","protected":false},"author":1,"featured_media":314,"comment_status":"closed","ping_status":"closed","sticky":false,"template":"","format":"standard","meta":{"_acf_changed":false,"editor_notices":[],"footnotes":""},"categories":[13,8],"tags":[],"class_list":["post-313","post","type-post","status-publish","format-standard","has-post-thumbnail","hentry","category-13","category-noticies"],"acf":[],"_links":{"self":[{"href":"https:\/\/agrotecnio.org\/es\/wp-json\/wp\/v2\/posts\/313","targetHints":{"allow":["GET"]}}],"collection":[{"href":"https:\/\/agrotecnio.org\/es\/wp-json\/wp\/v2\/posts"}],"about":[{"href":"https:\/\/agrotecnio.org\/es\/wp-json\/wp\/v2\/types\/post"}],"author":[{"embeddable":true,"href":"https:\/\/agrotecnio.org\/es\/wp-json\/wp\/v2\/users\/1"}],"replies":[{"embeddable":true,"href":"https:\/\/agrotecnio.org\/es\/wp-json\/wp\/v2\/comments?post=313"}],"version-history":[{"count":4,"href":"https:\/\/agrotecnio.org\/es\/wp-json\/wp\/v2\/posts\/313\/revisions"}],"predecessor-version":[{"id":5116,"href":"https:\/\/agrotecnio.org\/es\/wp-json\/wp\/v2\/posts\/313\/revisions\/5116"}],"wp:featuredmedia":[{"embeddable":true,"href":"https:\/\/agrotecnio.org\/es\/wp-json\/wp\/v2\/media\/314"}],"wp:attachment":[{"href":"https:\/\/agrotecnio.org\/es\/wp-json\/wp\/v2\/media?parent=313"}],"wp:term":[{"taxonomy":"category","embeddable":true,"href":"https:\/\/agrotecnio.org\/es\/wp-json\/wp\/v2\/categories?post=313"},{"taxonomy":"post_tag","embeddable":true,"href":"https:\/\/agrotecnio.org\/es\/wp-json\/wp\/v2\/tags?post=313"}],"curies":[{"name":"wp","href":"https:\/\/api.w.org\/{rel}","templated":true}]}}