{"id":311,"date":"2023-11-08T12:30:32","date_gmt":"2023-11-08T11:30:32","guid":{"rendered":"https:\/\/agrotecnio.org\/un-cicle-de-seminaris-abordara-temes-dactualitat-de-malherbologia-i-ecologia-vegetal-durant-el-mes-de-novembre\/"},"modified":"2026-02-01T12:47:45","modified_gmt":"2026-02-01T11:47:45","slug":"un-ciclo-de-seminarios-abordara-temas-de-actualidad-de-malherbologia-y-ecologia-vegetal-durante-el-mes-de-noviembre","status":"publish","type":"post","link":"https:\/\/agrotecnio.org\/es\/un-ciclo-de-seminarios-abordara-temas-de-actualidad-de-malherbologia-y-ecologia-vegetal-durante-el-mes-de-noviembre\/","title":{"rendered":"Un ciclo de seminarios abordar\u00e1 temas de actualidad de malherbolog\u00eda y ecolog\u00eda vegetal durante el mes de noviembre"},"content":{"rendered":"\n<p>Hoy comienza un ciclo de seminarios sobre temas de actualidad en el \u00e1mbito de la Biolog\u00eda, la Ecolog\u00eda y el Control de Malas Hierbas. Se traba de una actividad organizada por el grupo de investigaci\u00f3n de Malherbolog\u00eda y Ecolog\u00eda Vegetal, perteneciente al grupo de Protecci\u00f3n de Cultivos de Agrotecnio, que se lleva a cabo de forma paralela a las actividades docentes de la asignatura de Malherbolog\u00eda del M\u00e1ster de Protecci\u00f3n Integrada de Cultivos de la Universitat de Lleida. Agrotecnio brinda tambi\u00e9n apoyo financiero a esta iniciativa.<\/p>\n<p>Hoy, 8 de noviembre, tendr\u00e1 lugar el primero de los cinco seminarios, <em>Din\u00e1mica espacial de malas hierbas. Aplicaci\u00f3n a los rodales<\/em>, a cargo del Dr. Jordi Izquierdo de la Universitat Polit\u00e8cnica de Catalunya.<\/p>\n<p>La pr\u00f3xima semana se celebrar\u00e1n los seminarios <em>Aplicaciones de la alelopat\u00eda en malherbolog\u00eda<\/em>, cargo de la Dra. Nuria Pedrol de la Universidade de Vigo, el d\u00eda 20; y <em>Occurrence and main findings of herbicide resistance in South America<\/em>, a cargo del Dr. Aldo Merotto, de la Universidade Federal do Rio Grande do Sul (Brasil), el d\u00eda 23.<\/p>\n<p>El ciclo finalizar\u00e1 los d\u00edas 29 y 30 de noviembre con otros dos seminarios, <em>Why principles of integrated pest management must guide weedy plant management in agroecosystems: a weed ecologist&#8217;s perspective<\/em>, a cargo del Dr. Dave Mortensen, profesor em\u00e9rito de agroecolog\u00eda en la University of New Hampshire (EEUU); y <em>Gesti\u00f3n localizada de malas hierbas<\/em>, a cargo del Dr. C\u00e9sar Fern\u00e1ndez-Quintanilla, del Instituto de Ciencias Agrarias del CSIC, en Madrid.<\/p>\n<p>El programa completo con horarios y localizaciones se puede descargar <a href=\"https:\/\/agrotecnio.org\/wp-content\/uploads\/2023\/11\/Seminarios-Malherbologia23-24.pdf\" target=\"_blank\" rel=\"noopener\"><strong>aqu\u00ed<\/strong><\/a>. Las sesiones, que se ofrecer\u00e1n tanto de manera presencial como online, est\u00e1n abiertas a cualquier persona que desee participar.<\/p>\n","protected":false},"excerpt":{"rendered":"<p>Hoy comienza un ciclo de seminarios sobre temas de actualidad en el \u00e1mbito de la Biolog\u00eda, la Ecolog\u00eda y el Control de Malas Hierbas. Se traba de una actividad organizada por el grupo de investigaci\u00f3n de Malherbolog\u00eda y Ecolog\u00eda Vegetal, perteneciente al grupo de Protecci\u00f3n de Cultivos de Agrotecnio, que se lleva a cabo de [&hellip;]<\/p>\n","protected":false},"author":1,"featured_media":312,"comment_status":"closed","ping_status":"closed","sticky":false,"template":"","format":"standard","meta":{"_acf_changed":false,"editor_notices":[],"footnotes":""},"categories":[13,8],"tags":[],"class_list":["post-311","post","type-post","status-publish","format-standard","has-post-thumbnail","hentry","category-13","category-noticies"],"acf":[],"_links":{"self":[{"href":"https:\/\/agrotecnio.org\/es\/wp-json\/wp\/v2\/posts\/311","targetHints":{"allow":["GET"]}}],"collection":[{"href":"https:\/\/agrotecnio.org\/es\/wp-json\/wp\/v2\/posts"}],"about":[{"href":"https:\/\/agrotecnio.org\/es\/wp-json\/wp\/v2\/types\/post"}],"author":[{"embeddable":true,"href":"https:\/\/agrotecnio.org\/es\/wp-json\/wp\/v2\/users\/1"}],"replies":[{"embeddable":true,"href":"https:\/\/agrotecnio.org\/es\/wp-json\/wp\/v2\/comments?post=311"}],"version-history":[{"count":4,"href":"https:\/\/agrotecnio.org\/es\/wp-json\/wp\/v2\/posts\/311\/revisions"}],"predecessor-version":[{"id":5115,"href":"https:\/\/agrotecnio.org\/es\/wp-json\/wp\/v2\/posts\/311\/revisions\/5115"}],"wp:featuredmedia":[{"embeddable":true,"href":"https:\/\/agrotecnio.org\/es\/wp-json\/wp\/v2\/media\/312"}],"wp:attachment":[{"href":"https:\/\/agrotecnio.org\/es\/wp-json\/wp\/v2\/media?parent=311"}],"wp:term":[{"taxonomy":"category","embeddable":true,"href":"https:\/\/agrotecnio.org\/es\/wp-json\/wp\/v2\/categories?post=311"},{"taxonomy":"post_tag","embeddable":true,"href":"https:\/\/agrotecnio.org\/es\/wp-json\/wp\/v2\/tags?post=311"}],"curies":[{"name":"wp","href":"https:\/\/api.w.org\/{rel}","templated":true}]}}