{"id":307,"date":"2023-11-07T11:43:13","date_gmt":"2023-11-07T10:43:13","guid":{"rendered":"https:\/\/agrotecnio.org\/com-tenir-exit-en-el-doctorat-un-debat-per-a-la-cinquena-sessio-del-early-careers-forum\/"},"modified":"2026-02-01T13:10:36","modified_gmt":"2026-02-01T12:10:36","slug":"como-tener-exito-en-el-doctorado-un-debate-para-la-quinta-sesion-del-early-careers-forum","status":"publish","type":"post","link":"https:\/\/agrotecnio.org\/es\/como-tener-exito-en-el-doctorado-un-debate-para-la-quinta-sesion-del-early-careers-forum\/","title":{"rendered":"\u00bfC\u00f3mo tener \u00e9xito en el doctorado? Un debate para la quinta sesi\u00f3n del Early Careers Forum"},"content":{"rendered":"\n<p>El viernes 10 de noviembre, Agrotecnio y la Universidad de Lleida organizan la quinta edici\u00f3n del Early Careers Forum, un ciclo dirigido a estudiantes de doctorado y personal postdoctorado, pero abierto a toda la comunidad investigadora.<\/p>\n<p><img loading=\"lazy\" decoding=\"async\" class=\"wp-image-16651 alignnone size-full\" src=\"https:\/\/agrotecnio.org\/wp-content\/uploads\/sites\/3\/2025\/11\/How-to-be-successful-in-your-PhD-AGENDA-1.png\" alt=\"\" width=\"800\" height=\"600\" \/><\/p>\n<p>Para esta sesi\u00f3n, el evento abordar\u00e1 el \u00e9xito en el doctorado gracias a la participaci\u00f3n de tres ponentes en diferentes momentos de su carrera. <strong>Neus Prieto<\/strong>, que obtuvo su doctorado hace unos meses; <strong>Josu Alday<\/strong>, profesor agregado de la Universitat de Lleida; y <strong>Gustavo Slafer<\/strong>, iCREA e IP del grupo de investigaci\u00f3n de Fisiolog\u00eda de Cultivos de Agrotecnio, explicar\u00e1n sus puntos de vista sobre lo que significa tener \u00e9xito en un doctorado y su experiencia obteni\u00e9ndolo o tutorizando a estudiantes.<\/p>\n<p>Una degustaci\u00f3n de chocolate liderada por <strong>M Paz Romer<\/strong>o y <strong>Laura Rubi\u00f3<\/strong> del grupo de investigaci\u00f3n de Compuestos Bioactivos de los Alimentos pondr\u00e1 fin a la sesi\u00f3n.<\/p>\n<p>La inscripci\u00f3n est\u00e1 abierta <a href=\"https:\/\/forms.gle\/yBwG7zcJLMZBTqDBA\" target=\"_blank\" rel=\"noopener\">aqu\u00ed<\/a>. Por cuestiones organizativas, se cerrar\u00e1 el 9 de noviembre a las 15:00.<\/p>\n","protected":false},"excerpt":{"rendered":"<p>El viernes 10 de noviembre, Agrotecnio y la Universidad de Lleida organizan la quinta edici\u00f3n del Early Careers Forum, un ciclo dirigido a estudiantes de doctorado y personal postdoctorado, pero abierto a toda la comunidad investigadora. Para esta sesi\u00f3n, el evento abordar\u00e1 el \u00e9xito en el doctorado gracias a la participaci\u00f3n de tres ponentes en [&hellip;]<\/p>\n","protected":false},"author":1,"featured_media":310,"comment_status":"closed","ping_status":"closed","sticky":false,"template":"","format":"standard","meta":{"_acf_changed":false,"editor_notices":[],"footnotes":""},"categories":[13,8],"tags":[],"class_list":["post-307","post","type-post","status-publish","format-standard","has-post-thumbnail","hentry","category-13","category-noticies"],"acf":[],"_links":{"self":[{"href":"https:\/\/agrotecnio.org\/es\/wp-json\/wp\/v2\/posts\/307","targetHints":{"allow":["GET"]}}],"collection":[{"href":"https:\/\/agrotecnio.org\/es\/wp-json\/wp\/v2\/posts"}],"about":[{"href":"https:\/\/agrotecnio.org\/es\/wp-json\/wp\/v2\/types\/post"}],"author":[{"embeddable":true,"href":"https:\/\/agrotecnio.org\/es\/wp-json\/wp\/v2\/users\/1"}],"replies":[{"embeddable":true,"href":"https:\/\/agrotecnio.org\/es\/wp-json\/wp\/v2\/comments?post=307"}],"version-history":[{"count":5,"href":"https:\/\/agrotecnio.org\/es\/wp-json\/wp\/v2\/posts\/307\/revisions"}],"predecessor-version":[{"id":5122,"href":"https:\/\/agrotecnio.org\/es\/wp-json\/wp\/v2\/posts\/307\/revisions\/5122"}],"wp:featuredmedia":[{"embeddable":true,"href":"https:\/\/agrotecnio.org\/es\/wp-json\/wp\/v2\/media\/310"}],"wp:attachment":[{"href":"https:\/\/agrotecnio.org\/es\/wp-json\/wp\/v2\/media?parent=307"}],"wp:term":[{"taxonomy":"category","embeddable":true,"href":"https:\/\/agrotecnio.org\/es\/wp-json\/wp\/v2\/categories?post=307"},{"taxonomy":"post_tag","embeddable":true,"href":"https:\/\/agrotecnio.org\/es\/wp-json\/wp\/v2\/tags?post=307"}],"curies":[{"name":"wp","href":"https:\/\/api.w.org\/{rel}","templated":true}]}}