{"id":292,"date":"2023-10-27T18:00:03","date_gmt":"2023-10-27T16:00:03","guid":{"rendered":"https:\/\/agrotecnio.org\/el-taller-lleida-tech-sobre-intelligencia-artificial-i-optimitzacio-promou-el-contacte-entre-lacademia-i-el-mon-empresarial\/"},"modified":"2026-02-01T13:10:35","modified_gmt":"2026-02-01T12:10:35","slug":"el-taller-lleida-tech-sobre-inteligencia-artificial-y-optimizacion-promueve-el-contacto-entre-la-academia-y-el-mundo-empresarial","status":"publish","type":"post","link":"https:\/\/agrotecnio.org\/es\/el-taller-lleida-tech-sobre-inteligencia-artificial-y-optimizacion-promueve-el-contacto-entre-la-academia-y-el-mundo-empresarial\/","title":{"rendered":"El taller Lleida Tech sobre inteligencia artificial y optimizaci\u00f3n promueve el contacto entre la Academia y el mundo empresarial"},"content":{"rendered":"\n<p>\u00bfC\u00f3mo se aplica la inteligencia artificial, la ciencia de datos y los sistemas de optimizaci\u00f3n en la digitalizaci\u00f3n eficiente de los negocios? Durante dos d\u00edas, el 26 y 27 de octubre, el congreso Lleida Tech ha tratado de dar respuesta a esta cuesti\u00f3n gracias a la participaci\u00f3n de personal de universidades, centros de investigaci\u00f3n y empresas nacionales e internacionales. Como centro de investigaci\u00f3n y colaborador del Parque Agrobiotech de Lleida, Agrotecnio ha contribuido en la organizaci\u00f3n de estas jornadas.<\/p>\n<p><img loading=\"lazy\" decoding=\"async\" class=\"aligncenter wp-image-16588 size-large\" src=\"https:\/\/agrotecnio.org\/wp-content\/uploads\/sites\/3\/2025\/11\/WhatsApp-Image-2023-10-27-at-09.41.25-1124x632.jpeg\" alt=\"\" width=\"1024\" height=\"576\" \/><\/p>\n<p>La apertura de Lleida Tech corri\u00f3 a cargo de Pilar Bosch Vilana, concejal de cultura y promoci\u00f3n de Lleida, y Jordi Voltas, adjunto al vicerrectorado de investigaci\u00f3n de la UdL y tambi\u00e9n investigador principal del grupo de producci\u00f3n forestal de Agrotecnio. Durante toda la ma\u00f1ana, ocho investigadores e investigadoras presentaron sus experiencias y proyectos ligados al sector agr\u00edcola e industrial. Adem\u00e1s, se debati\u00f3 sobre el impacto de la inteligencia artificial en estos sectores y las posibilidades de desarrollo que ofrece para el futuro.<\/p>\n<p>El viernes abrieron la sesi\u00f3n Xavier Tic\u00f3, en representaci\u00f3n del Parque Agrobiotech de Lleida, y Llu\u00eds Miquel Pla, en representaci\u00f3n de Agrotecnio. Una decena de representantes de universidades y centros de investigaci\u00f3n continuaron con la presentaci\u00f3n de proyectos y experiencias ligadas a la modernizaci\u00f3n y digitalizaci\u00f3n del sector agroalimentario y el taller se cerr\u00f3 con una visita a la ciudad de Lleida.<\/p>\n<p>La promoci\u00f3n del contacto entre la universidad, los centros de investigaci\u00f3n y las empresas es fundamental para garantizar la transferencia de conocimiento y tecnolog\u00eda desde la academia al mundo empresarial.<\/p>\n","protected":false},"excerpt":{"rendered":"<p>\u00bfC\u00f3mo se aplica la inteligencia artificial, la ciencia de datos y los sistemas de optimizaci\u00f3n en la digitalizaci\u00f3n eficiente de los negocios? Durante dos d\u00edas, el 26 y 27 de octubre, el congreso Lleida Tech ha tratado de dar respuesta a esta cuesti\u00f3n gracias a la participaci\u00f3n de personal de universidades, centros de investigaci\u00f3n y [&hellip;]<\/p>\n","protected":false},"author":1,"featured_media":295,"comment_status":"closed","ping_status":"closed","sticky":false,"template":"","format":"standard","meta":{"_acf_changed":false,"editor_notices":[],"footnotes":""},"categories":[13,8],"tags":[],"class_list":["post-292","post","type-post","status-publish","format-standard","has-post-thumbnail","hentry","category-13","category-noticies"],"acf":[],"_links":{"self":[{"href":"https:\/\/agrotecnio.org\/es\/wp-json\/wp\/v2\/posts\/292","targetHints":{"allow":["GET"]}}],"collection":[{"href":"https:\/\/agrotecnio.org\/es\/wp-json\/wp\/v2\/posts"}],"about":[{"href":"https:\/\/agrotecnio.org\/es\/wp-json\/wp\/v2\/types\/post"}],"author":[{"embeddable":true,"href":"https:\/\/agrotecnio.org\/es\/wp-json\/wp\/v2\/users\/1"}],"replies":[{"embeddable":true,"href":"https:\/\/agrotecnio.org\/es\/wp-json\/wp\/v2\/comments?post=292"}],"version-history":[{"count":5,"href":"https:\/\/agrotecnio.org\/es\/wp-json\/wp\/v2\/posts\/292\/revisions"}],"predecessor-version":[{"id":5120,"href":"https:\/\/agrotecnio.org\/es\/wp-json\/wp\/v2\/posts\/292\/revisions\/5120"}],"wp:featuredmedia":[{"embeddable":true,"href":"https:\/\/agrotecnio.org\/es\/wp-json\/wp\/v2\/media\/295"}],"wp:attachment":[{"href":"https:\/\/agrotecnio.org\/es\/wp-json\/wp\/v2\/media?parent=292"}],"wp:term":[{"taxonomy":"category","embeddable":true,"href":"https:\/\/agrotecnio.org\/es\/wp-json\/wp\/v2\/categories?post=292"},{"taxonomy":"post_tag","embeddable":true,"href":"https:\/\/agrotecnio.org\/es\/wp-json\/wp\/v2\/tags?post=292"}],"curies":[{"name":"wp","href":"https:\/\/api.w.org\/{rel}","templated":true}]}}