{"id":269,"date":"2023-08-10T08:23:49","date_gmt":"2023-08-10T06:23:49","guid":{"rendered":"https:\/\/agrotecnio.org\/obertes-les-expressions-dinteres-per-a-una-oferta-de-feina-en-dinamitzacio-dinnovacio-agroalimentaria\/"},"modified":"2026-02-01T12:47:45","modified_gmt":"2026-02-01T11:47:45","slug":"abiertas-las-expresiones-de-interes-para-una-oferta-de-empleo-en-dinamizacion-de-innovacion-agroalimentaria","status":"publish","type":"post","link":"https:\/\/agrotecnio.org\/es\/abiertas-las-expresiones-de-interes-para-una-oferta-de-empleo-en-dinamizacion-de-innovacion-agroalimentaria\/","title":{"rendered":"Abiertas las expresiones de inter\u00e9s para una oferta de empleo en dinamizaci\u00f3n de innovaci\u00f3n agroalimentaria"},"content":{"rendered":"\n<p>La Universitat de Lleida y el Parque Agrobiotech de Lleida abrir\u00e1n una plaza para un t\u00e9cnico o una t\u00e9cnica en dinamizaci\u00f3n de innovaci\u00f3n agroalimentaria al inicio del curso 2023-2024. Se busca un perfil t\u00e9cnico y menor de 30 a\u00f1os en el momento de la contrataci\u00f3n para desarrollar el agrolivinglab vinculado a la Universitat de Lleida. Este perfil tambi\u00e9n trabajar\u00e1 en interacci\u00f3n con otras entidades de la esfera agroalimentaria lleidatana, como el Centre de Recerca en Agrotecnologia, Agrotecnio.<\/p>\n<p>La persona seleccionada tendr\u00e1 que aplicar nuevas t\u00e9cnicas y metodolog\u00edas para contribuir a generar un ecosistema de innovaci\u00f3n vinculado al sector primario, impulsando la dinamizaci\u00f3n de actividades entre la investigaci\u00f3n y el conocimiento universitario, el mundo empresarial, la administraci\u00f3n y la sociedad civil.<\/p>\n<p>Se busca un perfil capaz de dinamizar proyectos transversales con enfoque especial en la aplicaci\u00f3n de las nuevas tecnolog\u00edas en el mundo agroalimentario a trav\u00e9s de la interacci\u00f3n entre empresas generadoras de dichas tecnolog\u00edas y usuarios potenciales del sector productor agroalimentario.<\/p>\n<p>Las tareas a desarrollar, los requisitos y la oferta se detallan <strong><a href=\"https:\/\/agrotecnio.org\/wp-content\/uploads\/2023\/08\/OFERTA-DOCUPACIO-Dinamitzador-Agrolivinglab-3.pdf\" target=\"_blank\" rel=\"noopener\">aqu\u00ed<\/a><\/strong>.<\/p>\n<p>Para m\u00e1s informaci\u00f3n, contacte con <a href=\"mailto:jantonio.bonet@udl.cat\">Jos\u00e9 Antonio Bonet<\/a>.<\/p>\n","protected":false},"excerpt":{"rendered":"<p>La Universitat de Lleida y el Parque Agrobiotech de Lleida abrir\u00e1n una plaza para un t\u00e9cnico o una t\u00e9cnica en dinamizaci\u00f3n de innovaci\u00f3n agroalimentaria al inicio del curso 2023-2024. Se busca un perfil t\u00e9cnico y menor de 30 a\u00f1os en el momento de la contrataci\u00f3n para desarrollar el agrolivinglab vinculado a la Universitat de Lleida. [&hellip;]<\/p>\n","protected":false},"author":1,"featured_media":270,"comment_status":"closed","ping_status":"closed","sticky":false,"template":"","format":"standard","meta":{"_acf_changed":false,"editor_notices":[],"footnotes":""},"categories":[13,8],"tags":[],"class_list":["post-269","post","type-post","status-publish","format-standard","has-post-thumbnail","hentry","category-13","category-noticies"],"acf":[],"_links":{"self":[{"href":"https:\/\/agrotecnio.org\/es\/wp-json\/wp\/v2\/posts\/269","targetHints":{"allow":["GET"]}}],"collection":[{"href":"https:\/\/agrotecnio.org\/es\/wp-json\/wp\/v2\/posts"}],"about":[{"href":"https:\/\/agrotecnio.org\/es\/wp-json\/wp\/v2\/types\/post"}],"author":[{"embeddable":true,"href":"https:\/\/agrotecnio.org\/es\/wp-json\/wp\/v2\/users\/1"}],"replies":[{"embeddable":true,"href":"https:\/\/agrotecnio.org\/es\/wp-json\/wp\/v2\/comments?post=269"}],"version-history":[{"count":4,"href":"https:\/\/agrotecnio.org\/es\/wp-json\/wp\/v2\/posts\/269\/revisions"}],"predecessor-version":[{"id":5104,"href":"https:\/\/agrotecnio.org\/es\/wp-json\/wp\/v2\/posts\/269\/revisions\/5104"}],"wp:featuredmedia":[{"embeddable":true,"href":"https:\/\/agrotecnio.org\/es\/wp-json\/wp\/v2\/media\/270"}],"wp:attachment":[{"href":"https:\/\/agrotecnio.org\/es\/wp-json\/wp\/v2\/media?parent=269"}],"wp:term":[{"taxonomy":"category","embeddable":true,"href":"https:\/\/agrotecnio.org\/es\/wp-json\/wp\/v2\/categories?post=269"},{"taxonomy":"post_tag","embeddable":true,"href":"https:\/\/agrotecnio.org\/es\/wp-json\/wp\/v2\/tags?post=269"}],"curies":[{"name":"wp","href":"https:\/\/api.w.org\/{rel}","templated":true}]}}