{"id":267,"date":"2023-08-04T09:48:15","date_gmt":"2023-08-04T07:48:15","guid":{"rendered":"https:\/\/agrotecnio.org\/la-udl-tanca-les-seues-installacions-al-public-del-5-al-27-dagost\/"},"modified":"2026-02-01T12:47:45","modified_gmt":"2026-02-01T11:47:45","slug":"la-universitat-de-lleida-cierra-sus-instalaciones-al-publico-del-5-al-27-de-agosto","status":"publish","type":"post","link":"https:\/\/agrotecnio.org\/es\/la-universitat-de-lleida-cierra-sus-instalaciones-al-publico-del-5-al-27-de-agosto\/","title":{"rendered":"La Universitat de Lleida cierra sus instalaciones al p\u00fablico del 5 al 27 de agosto"},"content":{"rendered":"\n<p>La Universitat de Lleida (UdL) cierra sus instalaciones al p\u00fablico este s\u00e1bado, 5 de agosto, y hasta el d\u00eda 27 del mismo mes. Todos los edificios tendr\u00e1n acceso limitado al personal. La UdL prev\u00e9 ahorrar 85.000 euros en electricidad, telefon\u00eda y limpieza, entre otros. La mayor\u00eda de instalaciones, como las de Agrotecnio, estar\u00e1n cerradas al p\u00fablico, pero el personal puede acceder de manera restringida.<\/p>\n<p><em>Texto: Premsa UdL \/ Comunicaci\u00f3n Agrotecnio<\/em><\/p>\n<p><strong>M\u00e1s informaci\u00f3n:<\/strong><\/p>\n<ul>\n<li><a href=\"https:\/\/www.udl.cat\/ca\/serveis\/oficina\/Noticies\/La-UdL-tanca-les-seues-installacions-al-public-del-5-al-27-dagost\/\" target=\"_blank\" rel=\"noopener\">P\u00e1gina web de la Universitat de Lleida<\/a><\/li>\n<\/ul>\n","protected":false},"excerpt":{"rendered":"<p>La Universitat de Lleida (UdL) cierra sus instalaciones al p\u00fablico este s\u00e1bado, 5 de agosto, y hasta el d\u00eda 27 del mismo mes. Todos los edificios tendr\u00e1n acceso limitado al personal. La UdL prev\u00e9 ahorrar 85.000 euros en electricidad, telefon\u00eda y limpieza, entre otros. La mayor\u00eda de instalaciones, como las de Agrotecnio, estar\u00e1n cerradas al [&hellip;]<\/p>\n","protected":false},"author":1,"featured_media":268,"comment_status":"closed","ping_status":"closed","sticky":false,"template":"","format":"standard","meta":{"_acf_changed":false,"editor_notices":[],"footnotes":""},"categories":[13,8],"tags":[],"class_list":["post-267","post","type-post","status-publish","format-standard","has-post-thumbnail","hentry","category-13","category-noticies"],"acf":[],"_links":{"self":[{"href":"https:\/\/agrotecnio.org\/es\/wp-json\/wp\/v2\/posts\/267","targetHints":{"allow":["GET"]}}],"collection":[{"href":"https:\/\/agrotecnio.org\/es\/wp-json\/wp\/v2\/posts"}],"about":[{"href":"https:\/\/agrotecnio.org\/es\/wp-json\/wp\/v2\/types\/post"}],"author":[{"embeddable":true,"href":"https:\/\/agrotecnio.org\/es\/wp-json\/wp\/v2\/users\/1"}],"replies":[{"embeddable":true,"href":"https:\/\/agrotecnio.org\/es\/wp-json\/wp\/v2\/comments?post=267"}],"version-history":[{"count":4,"href":"https:\/\/agrotecnio.org\/es\/wp-json\/wp\/v2\/posts\/267\/revisions"}],"predecessor-version":[{"id":5103,"href":"https:\/\/agrotecnio.org\/es\/wp-json\/wp\/v2\/posts\/267\/revisions\/5103"}],"wp:featuredmedia":[{"embeddable":true,"href":"https:\/\/agrotecnio.org\/es\/wp-json\/wp\/v2\/media\/268"}],"wp:attachment":[{"href":"https:\/\/agrotecnio.org\/es\/wp-json\/wp\/v2\/media?parent=267"}],"wp:term":[{"taxonomy":"category","embeddable":true,"href":"https:\/\/agrotecnio.org\/es\/wp-json\/wp\/v2\/categories?post=267"},{"taxonomy":"post_tag","embeddable":true,"href":"https:\/\/agrotecnio.org\/es\/wp-json\/wp\/v2\/tags?post=267"}],"curies":[{"name":"wp","href":"https:\/\/api.w.org\/{rel}","templated":true}]}}