{"id":258,"date":"2023-07-13T09:55:44","date_gmt":"2023-07-13T07:55:44","guid":{"rendered":"https:\/\/agrotecnio.org\/agrotecnio-participa-en-la-publicacio-la-sanidad-vegetal-en-la-agricultura-y-la-silvicultura-retos-y-perspectivas-para-la-proxima-decada\/"},"modified":"2026-02-01T12:47:45","modified_gmt":"2026-02-01T11:47:45","slug":"agrotecnio-participa-en-la-publicacion-la-sanidad-vegetal-en-la-agricultura-y-la-silvicultura-retos-y-perspectivas-para-la-proxima-decada","status":"publish","type":"post","link":"https:\/\/agrotecnio.org\/es\/agrotecnio-participa-en-la-publicacion-la-sanidad-vegetal-en-la-agricultura-y-la-silvicultura-retos-y-perspectivas-para-la-proxima-decada\/","title":{"rendered":"Agrotecnio participa en la publicaci\u00f3n \u201cLa sanidad vegetal en la agricultura y la silvicultura. Retos y perspectivas para la pr\u00f3xima d\u00e9cada\u201d"},"content":{"rendered":"\n<p>La Real Academia de Ingenier\u00eda acogi\u00f3 en Madrid el pasado mes de junio la presentaci\u00f3n de <em>La sanidad vegetal en la agricultura y la silvicultura. Retos y perspectivas para la pr\u00f3xima d\u00e9cada<\/em>.<\/p>\n<p>Se trata de una obra firmada por Rafael M. Jim\u00e9nez-D\u00edaz, Mar\u00eda Milagros L\u00f3pez y Ramon Albajes, tres ingenieros agr\u00f3nomos expertos en distintos \u00e1mbitos de la sanidad vegetal. Albajes, investigador, asesor y exdirector de Agrotecnio, est\u00e1 especializado en la ecolog\u00eda y el control de plagas agr\u00edcolas.<\/p>\n<p>Seg\u00fan el pr\u00f3logo de la publicaci\u00f3n, \u201ceste libro pretende mostrar resumidamente al lector no familiarizado con la Sanidad Vegetal el papel que \u00e9sta desempe\u00f1a en la agricultura y la silvicultura, as\u00ed como vislumbrar el que puede tener en el futuro pr\u00f3ximo, para el que se anuncian cambios sustanciales en el sistema agroalimentario mundial\u201d.<\/p>\n<p>El germen de la obra est\u00e1 en la declaraci\u00f3n de 2020 como A\u00f1o Internacional de la Sanidad Vegetal por parte de Naciones Unidas. Celebraci\u00f3n que, adem\u00e1s, se prolong\u00f3 durante el 2021 debido a la pandemia por la COVID 19. Como indican los propios autores, el impulso de la concienciaci\u00f3n social por una alimentaci\u00f3n suficiente y saludable es indispensable para mejorar la salud de la poblaci\u00f3n global, que debe considerarse bajo el paraguas de la llamada Salud Global (One Health), que se refiere a la interconexi\u00f3n de la salud humana, animal, vegetal y medioambiental.<\/p>\n<p>La perspectiva de la Salud Global es indispensable para mejorar el conocimiento sobre las amenazas como las <a href=\"https:\/\/www.who.int\/es\/news-room\/fact-sheets\/detail\/zoonoses\" target=\"_blank\" rel=\"noopener\">zoonosis<\/a>, como la propia COVID 19; los efectos de algunos hongos que pueden contaminar los vegetales, como las <a href=\"https:\/\/www.who.int\/es\/news-room\/fact-sheets\/detail\/mycotoxins#:~:text=En%20el%20ser%20humano%20se,ha%20demostrado%20su%20potencial%20cancer%C3%ADgeno.\" target=\"_blank\" rel=\"noopener\">micotoxinas<\/a> que pueden estar presentes en los alimentos; o las contaminaciones de los productos vegetales con pat\u00f3genos humanos.<\/p>\n<p><em>La sanidad vegetal en la agricultura y la silvicultura. Retos y perspectivas para la pr\u00f3xima d\u00e9cada<\/em> cuenta con el apoyo del Departament d\u2019Acci\u00f3 Clim\u00e0tica, Alimentaci\u00f3 i Agenda Rural y se puede descargar en la p\u00e1gina web de la Real Academia de Ingenier\u00eda, <a href=\"https:\/\/raing.es\/pdf\/publicaciones\/libros\/Libro_sanidad_vegetal_RAING_FINAL.pdf\" target=\"_blank\" rel=\"noopener\">aqu\u00ed<\/a>.<\/p>\n","protected":false},"excerpt":{"rendered":"<p>La Real Academia de Ingenier\u00eda acogi\u00f3 en Madrid el pasado mes de junio la presentaci\u00f3n de La sanidad vegetal en la agricultura y la silvicultura. Retos y perspectivas para la pr\u00f3xima d\u00e9cada. Se trata de una obra firmada por Rafael M. Jim\u00e9nez-D\u00edaz, Mar\u00eda Milagros L\u00f3pez y Ramon Albajes, tres ingenieros agr\u00f3nomos expertos en distintos \u00e1mbitos [&hellip;]<\/p>\n","protected":false},"author":1,"featured_media":259,"comment_status":"closed","ping_status":"closed","sticky":false,"template":"","format":"standard","meta":{"_acf_changed":false,"editor_notices":[],"footnotes":""},"categories":[13,8],"tags":[9],"class_list":["post-258","post","type-post","status-publish","format-standard","has-post-thumbnail","hentry","category-13","category-noticies","tag-publicacions"],"acf":[],"_links":{"self":[{"href":"https:\/\/agrotecnio.org\/es\/wp-json\/wp\/v2\/posts\/258","targetHints":{"allow":["GET"]}}],"collection":[{"href":"https:\/\/agrotecnio.org\/es\/wp-json\/wp\/v2\/posts"}],"about":[{"href":"https:\/\/agrotecnio.org\/es\/wp-json\/wp\/v2\/types\/post"}],"author":[{"embeddable":true,"href":"https:\/\/agrotecnio.org\/es\/wp-json\/wp\/v2\/users\/1"}],"replies":[{"embeddable":true,"href":"https:\/\/agrotecnio.org\/es\/wp-json\/wp\/v2\/comments?post=258"}],"version-history":[{"count":4,"href":"https:\/\/agrotecnio.org\/es\/wp-json\/wp\/v2\/posts\/258\/revisions"}],"predecessor-version":[{"id":5099,"href":"https:\/\/agrotecnio.org\/es\/wp-json\/wp\/v2\/posts\/258\/revisions\/5099"}],"wp:featuredmedia":[{"embeddable":true,"href":"https:\/\/agrotecnio.org\/es\/wp-json\/wp\/v2\/media\/259"}],"wp:attachment":[{"href":"https:\/\/agrotecnio.org\/es\/wp-json\/wp\/v2\/media?parent=258"}],"wp:term":[{"taxonomy":"category","embeddable":true,"href":"https:\/\/agrotecnio.org\/es\/wp-json\/wp\/v2\/categories?post=258"},{"taxonomy":"post_tag","embeddable":true,"href":"https:\/\/agrotecnio.org\/es\/wp-json\/wp\/v2\/tags?post=258"}],"curies":[{"name":"wp","href":"https:\/\/api.w.org\/{rel}","templated":true}]}}