{"id":249,"date":"2023-06-28T12:58:08","date_gmt":"2023-06-28T10:58:08","guid":{"rendered":"https:\/\/agrotecnio.org\/early-career-forum-etica-a-la-recerca\/"},"modified":"2026-02-01T12:47:45","modified_gmt":"2026-02-01T11:47:45","slug":"early-career-forum-etica-en-la-investigacion","status":"publish","type":"post","link":"https:\/\/agrotecnio.org\/es\/early-career-forum-etica-en-la-investigacion\/","title":{"rendered":"Early Career Forum: \u00c9tica en la investigaci\u00f3n"},"content":{"rendered":"\n<p>\u00bfC\u00f3mo se relaciona la \u00e9tica con la ciencia cuando la primera trata de lo que es bueno o malo y la segunda de lo que es cierto o falso? La cuarta edici\u00f3n del Early Career Forum de Agrotecnio, que tuvo lugar el 27 de junio, arranc\u00f3 con esta pregunta lanzada al p\u00fablico por parte de Pere Puigdomenech, profesor de investigaci\u00f3n en el Consejo Superior de Investigaciones Cient\u00edficas (CSIC) y en el Centro de Investigaci\u00f3n en Agrigen\u00f3mica (CRAG). Especializado en biolog\u00eda molecular vegetal, es experto en el campo de la seguridad en el consumo de plantas transg\u00e9nicas y miembro del Grupo Europeo de \u00c9tica en Ciencia y Nuevas Tecnolog\u00edas, as\u00ed como de la Comisi\u00f3n Nacional de Bioseguridad y del Comit\u00e9 de \u00c9tica del CSIC.<\/p>\n<p>Puidomenech habl\u00f3 sobre la \u00e9tica en las ayudas europeas, enumer\u00f3 algunas de las principales leyes internacionales y c\u00f3digos de bio\u00e9tica y destac\u00f3 c\u00f3mo la \u00e9tica en la investigaci\u00f3n permite cumplir con la normativa vigente, facilita el asesoramiento a los responsables pol\u00edticos y es importante para la participaci\u00f3n en los debates p\u00fablicos. Adem\u00e1s, tambi\u00e9n abord\u00f3 la integridad de la investigaci\u00f3n refiri\u00e9ndose a la calidad y reproductibilidad de los resultados, recomendando al p\u00fablico el cuidado y la rigurosidad a la hora de tratar los resultados o conservar los datos originales, entre otros consejos.<\/p>\n<p>Por su parte, Joan Vi\u00f1as centr\u00f3 su intervenci\u00f3n en la bio\u00e9tica, el estudio de las cuestiones morales y \u00e9ticas sobre las ciencias de la vida, la biotecnolog\u00eda, la salud p\u00fablica y la medicina. Vi\u00f1as, que es catedr\u00e1tico o cirug\u00eda, ha presidido el Comit\u00e9 \u00c9tico de Investigaci\u00f3n Cl\u00ednica (1995-2003) del Hospital Arnau de Vilanova y el Comit\u00e9 de \u00c9tica Asistencial (1994-2000) del mismo centro. En 2017 recibi\u00f3 la Insignia de Oro del Consejo de Colegios de M\u00e9dicos de Catalu\u00f1a por su trayectoria profesional en los campos de la medicina y la \u00e9tica.<\/p>\n<p>Durante su explicaci\u00f3n, Vi\u00f1as abord\u00f3 la historia de la investigaci\u00f3n m\u00e9dica y, en particular, los principios b\u00e1sicos del C\u00f3digo de N\u00faremberg, la Declaraci\u00f3n de Helsinki y el Informe Belmont. Tambi\u00e9n explic\u00f3 la utilidad de los comit\u00e9s de \u00e9tica y abord\u00f3 algunos dilemas y normativas actuales, especialmente relacionados con el uso de animales para la investigaci\u00f3n.<\/p>\n<p>Tras el seminario, los asistentes participaron en una cata de jam\u00f3n dirigida por el Dr. Francisco Molino, del Departamento de Ciencia y Tecnolog\u00eda de los Alimentos de la Universitat de Lleida (UdL).<\/p>\n","protected":false},"excerpt":{"rendered":"<p>\u00bfC\u00f3mo se relaciona la \u00e9tica con la ciencia cuando la primera trata de lo que es bueno o malo y la segunda de lo que es cierto o falso? La cuarta edici\u00f3n del Early Career Forum de Agrotecnio, que tuvo lugar el 27 de junio, arranc\u00f3 con esta pregunta lanzada al p\u00fablico por parte de [&hellip;]<\/p>\n","protected":false},"author":1,"featured_media":250,"comment_status":"closed","ping_status":"closed","sticky":false,"template":"","format":"standard","meta":{"_acf_changed":false,"editor_notices":[],"footnotes":""},"categories":[13,8],"tags":[15,14],"class_list":["post-249","post","type-post","status-publish","format-standard","has-post-thumbnail","hentry","category-13","category-noticies","tag-agrotecnio","tag-esdeveniments"],"acf":[],"_links":{"self":[{"href":"https:\/\/agrotecnio.org\/es\/wp-json\/wp\/v2\/posts\/249","targetHints":{"allow":["GET"]}}],"collection":[{"href":"https:\/\/agrotecnio.org\/es\/wp-json\/wp\/v2\/posts"}],"about":[{"href":"https:\/\/agrotecnio.org\/es\/wp-json\/wp\/v2\/types\/post"}],"author":[{"embeddable":true,"href":"https:\/\/agrotecnio.org\/es\/wp-json\/wp\/v2\/users\/1"}],"replies":[{"embeddable":true,"href":"https:\/\/agrotecnio.org\/es\/wp-json\/wp\/v2\/comments?post=249"}],"version-history":[{"count":4,"href":"https:\/\/agrotecnio.org\/es\/wp-json\/wp\/v2\/posts\/249\/revisions"}],"predecessor-version":[{"id":5096,"href":"https:\/\/agrotecnio.org\/es\/wp-json\/wp\/v2\/posts\/249\/revisions\/5096"}],"wp:featuredmedia":[{"embeddable":true,"href":"https:\/\/agrotecnio.org\/es\/wp-json\/wp\/v2\/media\/250"}],"wp:attachment":[{"href":"https:\/\/agrotecnio.org\/es\/wp-json\/wp\/v2\/media?parent=249"}],"wp:term":[{"taxonomy":"category","embeddable":true,"href":"https:\/\/agrotecnio.org\/es\/wp-json\/wp\/v2\/categories?post=249"},{"taxonomy":"post_tag","embeddable":true,"href":"https:\/\/agrotecnio.org\/es\/wp-json\/wp\/v2\/tags?post=249"}],"curies":[{"name":"wp","href":"https:\/\/api.w.org\/{rel}","templated":true}]}}