{"id":246,"date":"2023-06-20T07:55:26","date_gmt":"2023-06-20T05:55:26","guid":{"rendered":"https:\/\/agrotecnio.org\/presentacio-de-la-sanitat-vegetal-en-lagricultura-i-silvicultura-reptes-i-perspectives-per-a-la-decada-vinent\/"},"modified":"2026-02-01T12:47:45","modified_gmt":"2026-02-01T11:47:45","slug":"presentacion-de-la-sanidad-vegetal-en-la-agricultura-y-silvicultura-retos-y-perspectivas-para-la-proxima-decada","status":"publish","type":"post","link":"https:\/\/agrotecnio.org\/es\/presentacion-de-la-sanidad-vegetal-en-la-agricultura-y-silvicultura-retos-y-perspectivas-para-la-proxima-decada\/","title":{"rendered":"Presentaci\u00f3n de \u201cLa sanidad vegetal en la agricultura y silvicultura: Retos y perspectivas para la pr\u00f3xima d\u00e9cada\u201d"},"content":{"rendered":"\n<p>La Real Academia de Ingenier\u00eda acoge hoy en Madrid la presentaci\u00f3n de <em>La sanidad vegetal en la agricultura y silvicultura: Retos y perspectivas para la pr\u00f3xima d\u00e9cada<\/em>, una publicaci\u00f3n que presenta los retos a los que se enfrenta la sanidad vegetal y aquellos a los que probablemente tendr\u00e1 que enfrentarse en el futuro.<\/p>\n<p>Se trata de una obra elaborada por Rafael M. Jim\u00e9nez-D\u00edaz, Mar\u00eda Milagros L\u00f3pez y Ramon Albajes, tres ingenieros agr\u00f3nomos expertos en distintos \u00e1mbitos de la sanidad vegetal. Albajes, investigador, asesor y exdirector de Agrotecnio, est\u00e1 especializado en la ecolog\u00eda y el control de plagas agr\u00edcolas y centrar\u00e1 su intervenci\u00f3n en el impacto del cambio clim\u00e1tico en la sanidad vegetal.<\/p>\n<p>La sanidad vegetal contribuye al aumento de la productividad en la agricultura y la silvicultura. Persigue reducir las p\u00e9rdidas en cultivos y masas forestales debidas a plagas de artr\u00f3podos fit\u00f3fagos, enfermedades y malas hierbas, que alcanzan una tercera parte del rendimiento alcanzable a pesar de las medidas de control. Tambi\u00e9n pretende mejorar la sostenibilidad de los agroecosistemas.<\/p>\n<p><strong>M\u00e1s informaci\u00f3n:<\/strong><\/p>\n<ul>\n<li><a href=\"https:\/\/www.raing.es\/agenda\/presentacion-de-la-publicacion-la-sanidad-vegetal-en-la-agricultura-y-silvicultura-retos-y-perspectivas-para-la-proxima-decada\/\" target=\"_blank\" rel=\"noopener\">Real Academia de Ingenier\u00eda<\/a><\/li>\n<\/ul>\n","protected":false},"excerpt":{"rendered":"<p>La Real Academia de Ingenier\u00eda acoge hoy en Madrid la presentaci\u00f3n de La sanidad vegetal en la agricultura y silvicultura: Retos y perspectivas para la pr\u00f3xima d\u00e9cada, una publicaci\u00f3n que presenta los retos a los que se enfrenta la sanidad vegetal y aquellos a los que probablemente tendr\u00e1 que enfrentarse en el futuro. Se trata [&hellip;]<\/p>\n","protected":false},"author":1,"featured_media":247,"comment_status":"closed","ping_status":"closed","sticky":false,"template":"","format":"standard","meta":{"_acf_changed":false,"editor_notices":[],"footnotes":""},"categories":[13,8],"tags":[14,9],"class_list":["post-246","post","type-post","status-publish","format-standard","has-post-thumbnail","hentry","category-13","category-noticies","tag-esdeveniments","tag-publicacions"],"acf":[],"_links":{"self":[{"href":"https:\/\/agrotecnio.org\/es\/wp-json\/wp\/v2\/posts\/246","targetHints":{"allow":["GET"]}}],"collection":[{"href":"https:\/\/agrotecnio.org\/es\/wp-json\/wp\/v2\/posts"}],"about":[{"href":"https:\/\/agrotecnio.org\/es\/wp-json\/wp\/v2\/types\/post"}],"author":[{"embeddable":true,"href":"https:\/\/agrotecnio.org\/es\/wp-json\/wp\/v2\/users\/1"}],"replies":[{"embeddable":true,"href":"https:\/\/agrotecnio.org\/es\/wp-json\/wp\/v2\/comments?post=246"}],"version-history":[{"count":4,"href":"https:\/\/agrotecnio.org\/es\/wp-json\/wp\/v2\/posts\/246\/revisions"}],"predecessor-version":[{"id":5095,"href":"https:\/\/agrotecnio.org\/es\/wp-json\/wp\/v2\/posts\/246\/revisions\/5095"}],"wp:featuredmedia":[{"embeddable":true,"href":"https:\/\/agrotecnio.org\/es\/wp-json\/wp\/v2\/media\/247"}],"wp:attachment":[{"href":"https:\/\/agrotecnio.org\/es\/wp-json\/wp\/v2\/media?parent=246"}],"wp:term":[{"taxonomy":"category","embeddable":true,"href":"https:\/\/agrotecnio.org\/es\/wp-json\/wp\/v2\/categories?post=246"},{"taxonomy":"post_tag","embeddable":true,"href":"https:\/\/agrotecnio.org\/es\/wp-json\/wp\/v2\/tags?post=246"}],"curies":[{"name":"wp","href":"https:\/\/api.w.org\/{rel}","templated":true}]}}