{"id":244,"date":"2023-06-19T07:41:24","date_gmt":"2023-06-19T05:41:24","guid":{"rendered":"https:\/\/agrotecnio.org\/el-quart-early-career-forum-abordara-letica-en-la-recerca\/"},"modified":"2026-02-01T12:47:45","modified_gmt":"2026-02-01T11:47:45","slug":"el-cuarto-early-careers-forum-abordara-la-etica-en-la-investigacion","status":"publish","type":"post","link":"https:\/\/agrotecnio.org\/es\/el-cuarto-early-careers-forum-abordara-la-etica-en-la-investigacion\/","title":{"rendered":"El cuarto Early Careers Forum abordar\u00e1 la \u00e9tica en la investigaci\u00f3n"},"content":{"rendered":"\n<p>\u00bfQu\u00e9 es la integridad cient\u00edfica o c\u00f3mo abordar la bio\u00e9tica en la investigaci\u00f3n? El martes 27 de junio, Agrotecnio se une a la Universidad de Lleida para organizar la cuarta edici\u00f3n del Early Careers Forum, una serie de eventos dirigidos a estudiantes de doctorado y postdoctorales, pero abiertos a todo el campus.<\/p>\n<p>En esta ocasi\u00f3n, el evento abordar\u00e1 la \u00e9tica en la investigaci\u00f3n de la mano de dos ponentes con trayectoria en el campo: Pere Puigdomenech, del Centro de Investigaci\u00f3n en Agrigen\u00f3mica (CRAG), y Joan Vi\u00f1as, cirujano y ex profesor de Bio\u00e9tica de la Facultad de Medicina de la UdL. A continuaci\u00f3n se abrir\u00e1 un turno de debate y la sesi\u00f3n se cerrar\u00e1 con una cata de jam\u00f3n a cargo de Francisco Molino, del Departamento de Ciencia y Tecnolog\u00eda de los Alimentos de Agrotecnio.<\/p>\n<p>Las inscripciones est\u00e1n abiertas a trav\u00e9s de <a href=\"https:\/\/forms.gle\/oQ8Bnys28sRbvvE89\" target=\"_blank\" rel=\"noopener\">este formulario<\/a>.<\/p>\n<p><strong>Informaci\u00f3n sobre sesiones previas:<\/strong><\/p>\n<ul>\n<li><a href=\"https:\/\/agrotecnio.org\/2022\/11\/08\/careers-beyond-academia-early-careers-researchers-forum\/\" target=\"_blank\" rel=\"noopener\">&#8216;Careers beyond academia&#8217;, the topic of the second Early Careers Reserchers Forum<\/a><\/li>\n<li><a href=\"https:\/\/agrotecnio.org\/2022\/10\/18\/presentations-early-career-researchers-forum\/\" target=\"_blank\" rel=\"noopener\">Download the presentations of the first Ealy Career Researchers Forum<\/a><\/li>\n<\/ul>\n","protected":false},"excerpt":{"rendered":"<p>\u00bfQu\u00e9 es la integridad cient\u00edfica o c\u00f3mo abordar la bio\u00e9tica en la investigaci\u00f3n? El martes 27 de junio, Agrotecnio se une a la Universidad de Lleida para organizar la cuarta edici\u00f3n del Early Careers Forum, una serie de eventos dirigidos a estudiantes de doctorado y postdoctorales, pero abiertos a todo el campus. En esta ocasi\u00f3n, [&hellip;]<\/p>\n","protected":false},"author":1,"featured_media":245,"comment_status":"closed","ping_status":"closed","sticky":false,"template":"","format":"standard","meta":{"_acf_changed":false,"editor_notices":[],"footnotes":""},"categories":[13,8],"tags":[15,14],"class_list":["post-244","post","type-post","status-publish","format-standard","has-post-thumbnail","hentry","category-13","category-noticies","tag-agrotecnio","tag-esdeveniments"],"acf":[],"_links":{"self":[{"href":"https:\/\/agrotecnio.org\/es\/wp-json\/wp\/v2\/posts\/244","targetHints":{"allow":["GET"]}}],"collection":[{"href":"https:\/\/agrotecnio.org\/es\/wp-json\/wp\/v2\/posts"}],"about":[{"href":"https:\/\/agrotecnio.org\/es\/wp-json\/wp\/v2\/types\/post"}],"author":[{"embeddable":true,"href":"https:\/\/agrotecnio.org\/es\/wp-json\/wp\/v2\/users\/1"}],"replies":[{"embeddable":true,"href":"https:\/\/agrotecnio.org\/es\/wp-json\/wp\/v2\/comments?post=244"}],"version-history":[{"count":4,"href":"https:\/\/agrotecnio.org\/es\/wp-json\/wp\/v2\/posts\/244\/revisions"}],"predecessor-version":[{"id":5094,"href":"https:\/\/agrotecnio.org\/es\/wp-json\/wp\/v2\/posts\/244\/revisions\/5094"}],"wp:featuredmedia":[{"embeddable":true,"href":"https:\/\/agrotecnio.org\/es\/wp-json\/wp\/v2\/media\/245"}],"wp:attachment":[{"href":"https:\/\/agrotecnio.org\/es\/wp-json\/wp\/v2\/media?parent=244"}],"wp:term":[{"taxonomy":"category","embeddable":true,"href":"https:\/\/agrotecnio.org\/es\/wp-json\/wp\/v2\/categories?post=244"},{"taxonomy":"post_tag","embeddable":true,"href":"https:\/\/agrotecnio.org\/es\/wp-json\/wp\/v2\/tags?post=244"}],"curies":[{"name":"wp","href":"https:\/\/api.w.org\/{rel}","templated":true}]}}