{"id":437,"date":"2024-10-18T11:39:06","date_gmt":"2024-10-18T09:39:06","guid":{"rendered":"https:\/\/agrotecnio.org\/nuria-montserrat-la-investigacio-que-fa-agrotecnio-esta-totalment-alineada-amb-les-transformacions-que-volem-impulsar\/"},"modified":"2026-02-01T12:38:32","modified_gmt":"2026-02-01T11:38:32","slug":"nuria-montserrat-la-investigacio-que-fa-agrotecnio-esta-totalment-alineada-amb-les-transformacions-que-volem-impulsar","status":"publish","type":"post","link":"https:\/\/agrotecnio.org\/en\/nuria-montserrat-la-investigacio-que-fa-agrotecnio-esta-totalment-alineada-amb-les-transformacions-que-volem-impulsar\/","title":{"rendered":"N\u00faria Montserrat: \u201cLa investigaci\u00f3 que fa Agrotecnio est\u00e0 totalment alineada amb les transformacions que volem impulsar\u201d"},"content":{"rendered":"<ul>\n<li><strong>La consellera de Recerca visita per primera vegada Agrotecnio i en destaca el seu paper estrat\u00e8gic<\/strong><\/li>\n<li><strong>Montserrat assegura el centre ajudar\u00e0 a transformar i posicionar Catalunya com una de les 50 regions m\u00e9s innovadores d\u2019Europa<\/strong><\/li>\n<\/ul>\n<p><img loading=\"lazy\" decoding=\"async\" class=\"alignnone size-full wp-image-17929\" src=\"https:\/\/agrotecnio.org\/wp-content\/uploads\/2025\/11\/1.jpg\" alt=\"\" width=\"1280\" height=\"853\" \/><\/p>\n<p>La consellera de Recerca i Universitats, N\u00faria Montserrat, ha visitat avui per primera vegada les instal\u00b7lacions de la Fundaci\u00f3 Centre de Recerca en Agrotecnologia, Agrotecnio. Creat al 2012, el centre est\u00e0 ubicat dins el campus agroalimentari, forestal i veterinari de la Universitat de Lleida (UdL) i forma part del sistema CERCA de Centres de Recerca de Catalunya.<\/p>\n<p>Montserrat s\u2019ha reunit amb el director Jos\u00e9 Antonio Bonet per con\u00e8ixer les principals l\u00ednies actuals d&#8217;investigaci\u00f3 \u00a0i les perspectives de creixement per al 2025. La consellera ha ratificat el suport de la Generalitat, un recolzament que permetr\u00e0 continuar amb la feina que est\u00e0 duent a terme: \u201c<strong>Agrotecnio \u00e9s un centre d\u2019excel\u00b7l\u00e8ncia internacional, que abarca una \u00e0mplia gamma de disciplines de la cadena de producci\u00f3 d\u2019aliments, des de les ci\u00e8ncies agr\u00edcoles, el medi ambient, el benestar animal, la tecnologia d\u2019aliments o la nutrici\u00f3<\/strong>\u201d, ha subratllat.<\/p>\n<p>L&#8217;objectiu d&#8217;Agrotecnio \u00e9s desenvolupar una recerca traslacional d\u2019alt impacte per al benefici d\u2019un gran ventall d\u2019agents. La investigaci\u00f3 al centre es nodreix d\u2019una \u00e0mplia gamma de coneixements especialitzats en ci\u00e8ncies agron\u00f2miques i mediambientals, ci\u00e8ncies animals i ci\u00e8ncies dels aliments tenint en compte el concepte de \u201cOne health\u201d de l\u2019OMS, un plantejament integrat i unificador per a equilibrar i optimitzar la salut de les persones, els animals i el medi ambient.\u00a0 A Agrotecnio hi ha 15 grups de recerca que formen part de tres grans \u00e0rees (vegetal, animal i aliments) i que pertanyen a dues universitats catalanes, la UdL i la Universitat de Barcelona (UB).<\/p>\n<p>La consellera ha destacat que \u201c<strong>la feina que es fa des d\u2019Agrotecnio est\u00e0 totalment alineada amb les transformacions que volem impulsar. Des del Govern volem transformar i posicionar Catalunya com una de les 50 regions m\u00e9s innovadores d\u2019Europa i la recerca que es fa des de Lleida ajudar\u00e0 a conseguir aquest objectiu\u201d<\/strong>.<\/p>\n<p>Montserrat, que ha visitat pr\u00e8viament tamb\u00e9 l\u2019IRB Lleida, no ha tancat la porta a incrementar els pressupostos dels centres de recerca lleidatans, \u201c<strong>demanem que l\u2019increment de pressupost vagi lligat a una estrat\u00e8gia o una necessitat basada en una evid\u00e8ncia. La feina que es fa a Lleida est\u00e0 dins les transformacions que volem impulsar\u201d<\/strong>, ha concl\u00f2s.<\/p>\n<p><strong>Visita als laboratoris d\u2019Agrotecnio<\/strong><\/p>\n<p>En el transcurs de la seva visita, Montserrat ha pogut con\u00e8ixer el treball que realitzen diferents grups d\u2019invstigaci\u00f3. La investigadora Teresa Capell grup de Biotecnologia Vegetal Aplicada li ha exposat com treballen per a l\u2019edici\u00f3 gen\u00e8tica de conreus reals de pan\u00eds, arr\u00f2s i blat per tal de que siguin resistents a plagues, a la sequera o per a poder fer aliments i pinsos enriquits que aportin vitamines i, fins i tot, bloquegin el desenvolupament de malalties.<\/p>\n<p>Posteriorment, la investigadora Romi Pena li ha presentat la recerca del grup de Millora Animal, que se centra en el desenvolupament i l\u2019aplicaci\u00f3 de marcadors moleculars per a la millora de la producci\u00f3, la salut i el benestar dels animals, especialment del bestiar porc\u00ed. S\u2019apliquen enfocaments gen\u00f2mics, tant a nivell d\u2019ADN com d\u2019ARN per a identificar mutacions que puguin ajudar a millorar la precisi\u00f3 dels programes de cria.<\/p>\n<p>La consellera de Recerca i Universitats tamb\u00e9 ha tingut espai per parlar amb un dels responsables del grup de Nutrici\u00f3 Animal i Medi Ambient, Gabriel de la Fuente, que li ha introdu\u00eft els estudis que fan de la microbiota intestinal i l\u2019\u00fas de t\u00e8cniques in vitro en mam\u00edfers, rumiants i esp\u00e8cies no rumiants. L\u2019estudi de la microbiota en els diferents sistemes intestinals pot ajudar a entendre patologies basades en la nutrici\u00f3 i tamb\u00e9 aconseguir una millora en la efici\u00e8ncia de l\u2019alimentaci\u00f3 i una disminuci\u00f3 de les emissions de gasos d\u2019efecte hivernacle.<\/p>\n<p>La visita ha acabat amb introducci\u00f3 a la taca que realitza el grup de Noves Tecnologies de processat d\u2019aliments amb el professor Robert Soliva, que li ha explicat les t\u00e8cniques que\u00a0 utilitzen per al processat no t\u00e8rmic d\u2019aliments (camps el\u00e8ctrics polsats, llum pulsada, plasma atmosf\u00e8ric fred, ultrasons) com a manera de d\u2019obtenir productes alimentaris segurs i nutritius sense perdre les seves caracter\u00edstiques de frescor.<\/p>\n<p>\u00a0<\/p>\n","protected":false},"excerpt":{"rendered":"<p>La consellera de Recerca visita per primera vegada Agrotecnio i en destaca el seu paper estrat\u00e8gic Montserrat assegura el centre ajudar\u00e0 a transformar i posicionar Catalunya com una de les 50 regions m\u00e9s innovadores d\u2019Europa La consellera de Recerca i Universitats, N\u00faria Montserrat, ha visitat avui per primera vegada les instal\u00b7lacions de la Fundaci\u00f3 Centre [&hellip;]<\/p>\n","protected":false},"author":1,"featured_media":440,"comment_status":"closed","ping_status":"closed","sticky":false,"template":"","format":"standard","meta":{"_acf_changed":false,"editor_notices":[],"footnotes":""},"categories":[8],"tags":[],"class_list":["post-437","post","type-post","status-publish","format-standard","has-post-thumbnail","hentry","category-noticies"],"acf":[],"_links":{"self":[{"href":"https:\/\/agrotecnio.org\/en\/wp-json\/wp\/v2\/posts\/437","targetHints":{"allow":["GET"]}}],"collection":[{"href":"https:\/\/agrotecnio.org\/en\/wp-json\/wp\/v2\/posts"}],"about":[{"href":"https:\/\/agrotecnio.org\/en\/wp-json\/wp\/v2\/types\/post"}],"author":[{"embeddable":true,"href":"https:\/\/agrotecnio.org\/en\/wp-json\/wp\/v2\/users\/1"}],"replies":[{"embeddable":true,"href":"https:\/\/agrotecnio.org\/en\/wp-json\/wp\/v2\/comments?post=437"}],"version-history":[{"count":2,"href":"https:\/\/agrotecnio.org\/en\/wp-json\/wp\/v2\/posts\/437\/revisions"}],"predecessor-version":[{"id":4139,"href":"https:\/\/agrotecnio.org\/en\/wp-json\/wp\/v2\/posts\/437\/revisions\/4139"}],"wp:featuredmedia":[{"embeddable":true,"href":"https:\/\/agrotecnio.org\/en\/wp-json\/wp\/v2\/media\/440"}],"wp:attachment":[{"href":"https:\/\/agrotecnio.org\/en\/wp-json\/wp\/v2\/media?parent=437"}],"wp:term":[{"taxonomy":"category","embeddable":true,"href":"https:\/\/agrotecnio.org\/en\/wp-json\/wp\/v2\/categories?post=437"},{"taxonomy":"post_tag","embeddable":true,"href":"https:\/\/agrotecnio.org\/en\/wp-json\/wp\/v2\/tags?post=437"}],"curies":[{"name":"wp","href":"https:\/\/api.w.org\/{rel}","templated":true}]}}